{"id":4755,"date":"2026-02-15T12:56:35","date_gmt":"2026-02-15T12:56:35","guid":{"rendered":"https:\/\/dlaboratory.com\/?p=4755"},"modified":"2026-03-07T11:53:41","modified_gmt":"2026-03-07T11:53:41","slug":"valkommen-till-dlabs-anvandardagar-2026","status":"publish","type":"post","link":"https:\/\/dlaboratory.com\/sv\/valkommen-till-dlabs-anvandardagar-2026\/","title":{"rendered":"V\u00e4lkommen till dLabs Anv\u00e4ndardagar 2026"},"content":{"rendered":"\n<h2 class=\"wp-block-heading\" id=\"h-8-9-april-i-helsingborg-lunch-till-lunch\">8 &#8211; 9 april i Helsingborg (lunch till lunch)<\/h2>\n\n\n\n<figure class=\"wp-block-image size-full\"><img decoding=\"async\" width=\"1120\" height=\"630\" data-src=\"\/wp-content\/uploads\/2026\/02\/anvandardagarna-2025.jpg\" alt=\"Bild fr\u00e5n anv\u00e4ndardagarna 2025\" class=\"wp-image-4756 lazyload\" data-srcset=\"\/wp-content\/uploads\/2026\/02\/anvandardagarna-2025.jpg 1120w, \/wp-content\/uploads\/2026\/02\/anvandardagarna-2025-300x169.jpg 300w, \/wp-content\/uploads\/2026\/02\/anvandardagarna-2025-1024x576.jpg 1024w, \/wp-content\/uploads\/2026\/02\/anvandardagarna-2025-768x432.jpg 768w\" data-sizes=\"(max-width: 1120px) 100vw, 1120px\" src=\"data:image\/svg+xml;base64,PHN2ZyB3aWR0aD0iMSIgaGVpZ2h0PSIxIiB4bWxucz0iaHR0cDovL3d3dy53My5vcmcvMjAwMC9zdmciPjwvc3ZnPg==\" style=\"--smush-placeholder-width: 1120px; --smush-placeholder-aspect-ratio: 1120\/630;\" \/><\/figure>\n\n\n\n<p><em>Bilder fr\u00e5n anv\u00e4ndardagarna 2025<\/em><br><br><strong>Den 8\u20139 april samlas vi i Helsingborg f\u00f6r dLabs Anv\u00e4ndardagar 2026 \u2013 tv\u00e5 dagar fyllda av kunskapsutbyte, erfarenheter fr\u00e5n verkligheten och samtal om hur vi tillsammans utvecklar framtidens eln\u00e4t.<\/strong><\/p>\n\n\n\n<p>F\u00f6rra \u00e5ret deltog cirka 40 personer fr\u00e5n 16 olika eln\u00e4tsbolag. Under tv\u00e5 intensiva dagar diskuterade vi gemensamma utmaningar och konkreta l\u00f6sningar. Nu ser vi fram emot att g\u00f6ra det igen och hoppas sj\u00e4lvklart p\u00e5 att du och dina kollegor vill vara med.<\/p>\n\n\n\n<div class=\"wp-block-buttons is-layout-flex wp-block-buttons-is-layout-flex\">\n<div class=\"wp-block-button\"><a class=\"wp-block-button__link wp-element-button\">Anm\u00e4l dig h\u00e4r<\/a><\/div>\n<\/div>\n\n\n\n<p>\u00c5rets anv\u00e4ndardagar forts\u00e4tter p\u00e5 temat proaktivitet, med s\u00e4rskilt fokus p\u00e5 v\u00e5r nya produkt och tj\u00e4nst dSense.<br>F\u00f6r f\u00f6rsta g\u00e5ngen i dLabs historia tar vi steget fr\u00e5n f\u00f6rdelningsstation till n\u00e4tstation och utforskar vad det inneb\u00e4r i praktiken f\u00f6r:<\/p>\n\n\n\n<ul class=\"wp-block-list\">\n<li>Drift<\/li>\n\n\n\n<li>Underh\u00e5ll<\/li>\n\n\n\n<li>Beslutsfattande<\/li>\n<\/ul>\n\n\n\n<p>Fullst\u00e4ndig agenda presenteras l\u00e4ngre fram men h\u00e4r \u00e4r n\u00e5gra av h\u00f6jdpunkterna ut\u00f6ver produktnyheter och anv\u00e4ndartips:<\/p>\n\n\n\n<h3 class=\"wp-block-heading\" id=\"h-peter-hjalmar-regionchef-syd-e-on\">Peter Hjalmar, Regionchef Syd, E.ON<\/h3>\n\n\n\n<p>Peter delar med sig av E.ON:s arbete under stormen Johannes, som slog till med full kraft under mellandagarna 2025.<\/p>\n\n\n\n<hr class=\"wp-block-separator has-alpha-channel-opacity\"\/>\n\n\n\n<h3 class=\"wp-block-heading\" id=\"h-alexander-karlsson-driftledare-molndal-energi\">Alexander Karlsson, Driftledare, M\u00f6lndal Energi<\/h3>\n\n\n\n<p>Alexander ber\u00e4ttar om explosionen i en sp\u00e4nningstransformator p\u00e5 station R\u00e4vek\u00e4rr och delar sina erfarenheter kring hantering, analys och vidare arbete.<\/p>\n\n\n\n<hr class=\"wp-block-separator has-alpha-channel-opacity\"\/>\n\n\n\n<h3 class=\"wp-block-heading\" id=\"h-panelsamtal-digitalisering-i-elnatet-pa-riktigt\"><strong>Panelsamtal: Digitalisering i eln\u00e4tet \u2013 p\u00e5 riktigt<\/strong><\/h3>\n\n\n\n<p>Tillsammans med fyra eln\u00e4tsbolag diskuterar vi hur digitalisering skapar faktisk nytta i vardagen.<\/p>\n\n\n\n<hr class=\"wp-block-separator has-alpha-channel-opacity\"\/>\n\n\n\n<h2 class=\"wp-block-heading\" id=\"h-\"><\/h2>\n\n\n\n<div class=\"wp-block-columns is-layout-flex wp-container-core-columns-is-layout-28f84493 wp-block-columns-is-layout-flex\">\n<div class=\"wp-block-column is-layout-flow wp-block-column-is-layout-flow\">\n<p><strong>Plats:<\/strong><br>Clarion Hotel Sea U<br>Kungsgatan 1,<br>252 21 Helsingborg<\/p>\n<\/div>\n\n\n\n<div class=\"wp-block-column is-layout-flow wp-block-column-is-layout-flow\">\n<p><strong>Tid:<\/strong><br>8 april kl. 12.00 &#8211; 9 april kl. 13.00<br><\/p>\n<\/div>\n<\/div>\n\n\n\n<div class=\"wp-block-columns is-layout-flex wp-container-core-columns-is-layout-28f84493 wp-block-columns-is-layout-flex\">\n<div class=\"wp-block-column is-layout-flow wp-block-column-is-layout-flow\">\n<p style=\"padding-top:var(--wp--preset--spacing--70)\"><strong>Kostnad med logi:<\/strong><br>Konferenskostnaden med logi \u00e4r <br>5 200 SEK\/person exkl. moms. Avgiften <br>inkluderar logi samt m\u00e5ltider (lunch b\u00e5da dagarna, middag, <br>frukost och fika).<\/p>\n\n\n\n<p class=\"has-vivid-red-color has-text-color has-link-color wp-elements-6fd6d066f03d2b4d887200f07c4bae29\">Anm\u00e4lan \u00e4r st\u00e4ngd<\/p>\n<\/div>\n\n\n\n<div class=\"wp-block-column is-layout-flow wp-block-column-is-layout-flow\">\n<p style=\"padding-top:var(--wp--preset--spacing--70)\"><strong>Kostnad utan logi:<\/strong><br>Konferenskostnaden utan logi \u00e4r 4 000 SEK\/person exkl. moms.<\/p>\n<\/div>\n<\/div>\n\n\n\n<div class=\"wp-block-buttons is-layout-flex wp-block-buttons-is-layout-flex\">\n<div class=\"wp-block-button\"><a class=\"wp-block-button__link wp-element-button\">Anm\u00e4l dig h\u00e4r<\/a><\/div>\n<\/div>\n\n\n\n<p><\/p>\n\n\n\n<p><\/p>\n","protected":false},"excerpt":{"rendered":"<p>8 &#8211; 9 april i Helsingborg (lunch till lunch) Bilder fr\u00e5n anv\u00e4ndardagarna 2025 Den 8\u20139 april samlas vi i Helsingborg f\u00f6r dLabs Anv\u00e4ndardagar 2026 \u2013 tv\u00e5 dagar fyllda av kunskapsutbyte, erfarenheter fr\u00e5n verkligheten och samtal om hur vi tillsammans utvecklar framtidens eln\u00e4t. F\u00f6rra \u00e5ret deltog cirka 40 personer fr\u00e5n 16 olika eln\u00e4tsbolag. Under tv\u00e5 intensiva [&hellip;]<\/p>\n","protected":false},"author":1,"featured_media":4762,"comment_status":"closed","ping_status":"closed","sticky":false,"template":"","format":"standard","meta":{"content-type":"","footnotes":""},"categories":[43,28],"tags":[],"class_list":["post-4755","post","type-post","status-publish","format-standard","has-post-thumbnail","hentry","category-events-sv","category-nyheter"],"yoast_head":"<!-- This site is optimized with the Yoast SEO Premium plugin v27.4 (Yoast SEO v27.4) - https:\/\/yoast.com\/product\/yoast-seo-premium-wordpress\/ -->\n<title>V\u00e4lkommen till dLabs Anv\u00e4ndardagar 2026 - dlab<\/title>\n<meta name=\"robots\" content=\"index, follow, max-snippet:-1, max-image-preview:large, max-video-preview:-1\" \/>\n<link rel=\"canonical\" href=\"https:\/\/dlaboratory.com\/sv\/valkommen-till-dlabs-anvandardagar-2026\/\" \/>\n<meta property=\"og:locale\" content=\"sv_SE\" \/>\n<meta property=\"og:type\" content=\"article\" \/>\n<meta property=\"og:title\" content=\"V\u00e4lkommen till dLabs Anv\u00e4ndardagar 2026\" \/>\n<meta property=\"og:description\" content=\"8 &#8211; 9 april i Helsingborg (lunch till lunch) Bilder fr\u00e5n anv\u00e4ndardagarna 2025 Den 8\u20139 april samlas vi i Helsingborg f\u00f6r dLabs Anv\u00e4ndardagar 2026 \u2013 tv\u00e5 dagar fyllda av kunskapsutbyte, erfarenheter fr\u00e5n verkligheten och samtal om hur vi tillsammans utvecklar framtidens eln\u00e4t. F\u00f6rra \u00e5ret deltog cirka 40 personer fr\u00e5n 16 olika eln\u00e4tsbolag. Under tv\u00e5 intensiva [&hellip;]\" \/>\n<meta property=\"og:url\" content=\"https:\/\/dlaboratory.com\/sv\/valkommen-till-dlabs-anvandardagar-2026\/\" \/>\n<meta property=\"og:site_name\" content=\"dlab\" \/>\n<meta property=\"article:published_time\" content=\"2026-02-15T12:56:35+00:00\" \/>\n<meta property=\"article:modified_time\" content=\"2026-03-07T11:53:41+00:00\" \/>\n<meta property=\"og:image\" content=\"https:\/\/dlaboratory.com\/wp-content\/uploads\/2026\/02\/woman_in_workwear.jpg\" \/>\n\t<meta property=\"og:image:width\" content=\"2048\" \/>\n\t<meta property=\"og:image:height\" content=\"2048\" \/>\n\t<meta property=\"og:image:type\" content=\"image\/jpeg\" \/>\n<meta name=\"author\" content=\"WCMoLbMJxR\" \/>\n<meta name=\"twitter:card\" content=\"summary_large_image\" \/>\n<meta name=\"twitter:label1\" content=\"Skriven av\" \/>\n\t<meta name=\"twitter:data1\" content=\"WCMoLbMJxR\" \/>\n\t<meta name=\"twitter:label2\" content=\"Ber\u00e4knad l\u00e4stid\" \/>\n\t<meta name=\"twitter:data2\" content=\"2 minuter\" \/>\n<script type=\"application\/ld+json\" class=\"yoast-schema-graph\">{\"@context\":\"https:\\\/\\\/schema.org\",\"@graph\":[{\"@type\":\"Article\",\"@id\":\"https:\\\/\\\/dlaboratory.com\\\/sv\\\/valkommen-till-dlabs-anvandardagar-2026\\\/#article\",\"isPartOf\":{\"@id\":\"https:\\\/\\\/dlaboratory.com\\\/sv\\\/valkommen-till-dlabs-anvandardagar-2026\\\/\"},\"author\":{\"name\":\"WCMoLbMJxR\",\"@id\":\"https:\\\/\\\/www.dlaboratory.com\\\/sv\\\/#\\\/schema\\\/person\\\/e9713f8def28551c10e7a02949454222\"},\"headline\":\"V\u00e4lkommen till dLabs Anv\u00e4ndardagar 2026\",\"datePublished\":\"2026-02-15T12:56:35+00:00\",\"dateModified\":\"2026-03-07T11:53:41+00:00\",\"mainEntityOfPage\":{\"@id\":\"https:\\\/\\\/dlaboratory.com\\\/sv\\\/valkommen-till-dlabs-anvandardagar-2026\\\/\"},\"wordCount\":310,\"publisher\":{\"@id\":\"https:\\\/\\\/www.dlaboratory.com\\\/sv\\\/#organization\"},\"image\":{\"@id\":\"https:\\\/\\\/dlaboratory.com\\\/sv\\\/valkommen-till-dlabs-anvandardagar-2026\\\/#primaryimage\"},\"thumbnailUrl\":\"\\\/wp-content\\\/uploads\\\/2026\\\/02\\\/woman_in_workwear.jpg\",\"articleSection\":[\"Event\",\"Nyheter\"],\"inLanguage\":\"sv-SE\"},{\"@type\":\"WebPage\",\"@id\":\"https:\\\/\\\/dlaboratory.com\\\/sv\\\/valkommen-till-dlabs-anvandardagar-2026\\\/\",\"url\":\"https:\\\/\\\/dlaboratory.com\\\/sv\\\/valkommen-till-dlabs-anvandardagar-2026\\\/\",\"name\":\"V\u00e4lkommen till dLabs Anv\u00e4ndardagar 2026 - dlab\",\"isPartOf\":{\"@id\":\"https:\\\/\\\/www.dlaboratory.com\\\/sv\\\/#website\"},\"primaryImageOfPage\":{\"@id\":\"https:\\\/\\\/dlaboratory.com\\\/sv\\\/valkommen-till-dlabs-anvandardagar-2026\\\/#primaryimage\"},\"image\":{\"@id\":\"https:\\\/\\\/dlaboratory.com\\\/sv\\\/valkommen-till-dlabs-anvandardagar-2026\\\/#primaryimage\"},\"thumbnailUrl\":\"\\\/wp-content\\\/uploads\\\/2026\\\/02\\\/woman_in_workwear.jpg\",\"datePublished\":\"2026-02-15T12:56:35+00:00\",\"dateModified\":\"2026-03-07T11:53:41+00:00\",\"breadcrumb\":{\"@id\":\"https:\\\/\\\/dlaboratory.com\\\/sv\\\/valkommen-till-dlabs-anvandardagar-2026\\\/#breadcrumb\"},\"inLanguage\":\"sv-SE\",\"potentialAction\":[{\"@type\":\"ReadAction\",\"target\":[\"https:\\\/\\\/dlaboratory.com\\\/sv\\\/valkommen-till-dlabs-anvandardagar-2026\\\/\"]}]},{\"@type\":\"ImageObject\",\"inLanguage\":\"sv-SE\",\"@id\":\"https:\\\/\\\/dlaboratory.com\\\/sv\\\/valkommen-till-dlabs-anvandardagar-2026\\\/#primaryimage\",\"url\":\"\\\/wp-content\\\/uploads\\\/2026\\\/02\\\/woman_in_workwear.jpg\",\"contentUrl\":\"\\\/wp-content\\\/uploads\\\/2026\\\/02\\\/woman_in_workwear.jpg\",\"width\":2048,\"height\":2048},{\"@type\":\"BreadcrumbList\",\"@id\":\"https:\\\/\\\/dlaboratory.com\\\/sv\\\/valkommen-till-dlabs-anvandardagar-2026\\\/#breadcrumb\",\"itemListElement\":[{\"@type\":\"ListItem\",\"position\":1,\"name\":\"Home\",\"item\":\"https:\\\/\\\/dlaboratory.com\\\/sv\\\/\"},{\"@type\":\"ListItem\",\"position\":2,\"name\":\"V\u00e4lkommen till dLabs Anv\u00e4ndardagar 2026\"}]},{\"@type\":\"WebSite\",\"@id\":\"https:\\\/\\\/www.dlaboratory.com\\\/sv\\\/#website\",\"url\":\"https:\\\/\\\/www.dlaboratory.com\\\/sv\\\/\",\"name\":\"dLab\",\"description\":\"\",\"publisher\":{\"@id\":\"https:\\\/\\\/www.dlaboratory.com\\\/sv\\\/#organization\"},\"potentialAction\":[{\"@type\":\"SearchAction\",\"target\":{\"@type\":\"EntryPoint\",\"urlTemplate\":\"https:\\\/\\\/www.dlaboratory.com\\\/sv\\\/?s={search_term_string}\"},\"query-input\":{\"@type\":\"PropertyValueSpecification\",\"valueRequired\":true,\"valueName\":\"search_term_string\"}}],\"inLanguage\":\"sv-SE\"},{\"@type\":\"Organization\",\"@id\":\"https:\\\/\\\/www.dlaboratory.com\\\/sv\\\/#organization\",\"name\":\"dLab\",\"url\":\"https:\\\/\\\/www.dlaboratory.com\\\/sv\\\/\",\"logo\":{\"@type\":\"ImageObject\",\"inLanguage\":\"sv-SE\",\"@id\":\"https:\\\/\\\/www.dlaboratory.com\\\/sv\\\/#\\\/schema\\\/logo\\\/image\\\/\",\"url\":\"\\\/wp-content\\\/uploads\\\/2023\\\/12\\\/dlab_logo_transparent_white-1.png\",\"contentUrl\":\"\\\/wp-content\\\/uploads\\\/2023\\\/12\\\/dlab_logo_transparent_white-1.png\",\"width\":4721,\"height\":2167,\"caption\":\"dLab\"},\"image\":{\"@id\":\"https:\\\/\\\/www.dlaboratory.com\\\/sv\\\/#\\\/schema\\\/logo\\\/image\\\/\"}},{\"@type\":\"Person\",\"@id\":\"https:\\\/\\\/www.dlaboratory.com\\\/sv\\\/#\\\/schema\\\/person\\\/e9713f8def28551c10e7a02949454222\",\"name\":\"WCMoLbMJxR\",\"image\":{\"@type\":\"ImageObject\",\"inLanguage\":\"sv-SE\",\"@id\":\"https:\\\/\\\/secure.gravatar.com\\\/avatar\\\/c2891f934b35cd98d56a4796c6516bd4298c85387c7bfe860fbaee7b10068820?s=96&d=mm&r=g\",\"url\":\"https:\\\/\\\/secure.gravatar.com\\\/avatar\\\/c2891f934b35cd98d56a4796c6516bd4298c85387c7bfe860fbaee7b10068820?s=96&d=mm&r=g\",\"contentUrl\":\"https:\\\/\\\/secure.gravatar.com\\\/avatar\\\/c2891f934b35cd98d56a4796c6516bd4298c85387c7bfe860fbaee7b10068820?s=96&d=mm&r=g\",\"caption\":\"WCMoLbMJxR\"},\"sameAs\":[\"https:\\\/\\\/dlaboratory.azurewebsites.net\"]}]}<\/script>\n<!-- \/ Yoast SEO Premium plugin. -->","yoast_head_json":{"title":"V\u00e4lkommen till dLabs Anv\u00e4ndardagar 2026 - dlab","robots":{"index":"index","follow":"follow","max-snippet":"max-snippet:-1","max-image-preview":"max-image-preview:large","max-video-preview":"max-video-preview:-1"},"canonical":"https:\/\/dlaboratory.com\/sv\/valkommen-till-dlabs-anvandardagar-2026\/","og_locale":"sv_SE","og_type":"article","og_title":"V\u00e4lkommen till dLabs Anv\u00e4ndardagar 2026","og_description":"8 &#8211; 9 april i Helsingborg (lunch till lunch) Bilder fr\u00e5n anv\u00e4ndardagarna 2025 Den 8\u20139 april samlas vi i Helsingborg f\u00f6r dLabs Anv\u00e4ndardagar 2026 \u2013 tv\u00e5 dagar fyllda av kunskapsutbyte, erfarenheter fr\u00e5n verkligheten och samtal om hur vi tillsammans utvecklar framtidens eln\u00e4t. F\u00f6rra \u00e5ret deltog cirka 40 personer fr\u00e5n 16 olika eln\u00e4tsbolag. Under tv\u00e5 intensiva [&hellip;]","og_url":"https:\/\/dlaboratory.com\/sv\/valkommen-till-dlabs-anvandardagar-2026\/","og_site_name":"dlab","article_published_time":"2026-02-15T12:56:35+00:00","article_modified_time":"2026-03-07T11:53:41+00:00","og_image":[{"width":2048,"height":2048,"url":"https:\/\/dlaboratory.com\/wp-content\/uploads\/2026\/02\/woman_in_workwear.jpg","type":"image\/jpeg"}],"author":"WCMoLbMJxR","twitter_card":"summary_large_image","twitter_misc":{"Skriven av":"WCMoLbMJxR","Ber\u00e4knad l\u00e4stid":"2 minuter"},"schema":{"@context":"https:\/\/schema.org","@graph":[{"@type":"Article","@id":"https:\/\/dlaboratory.com\/sv\/valkommen-till-dlabs-anvandardagar-2026\/#article","isPartOf":{"@id":"https:\/\/dlaboratory.com\/sv\/valkommen-till-dlabs-anvandardagar-2026\/"},"author":{"name":"WCMoLbMJxR","@id":"https:\/\/www.dlaboratory.com\/sv\/#\/schema\/person\/e9713f8def28551c10e7a02949454222"},"headline":"V\u00e4lkommen till dLabs Anv\u00e4ndardagar 2026","datePublished":"2026-02-15T12:56:35+00:00","dateModified":"2026-03-07T11:53:41+00:00","mainEntityOfPage":{"@id":"https:\/\/dlaboratory.com\/sv\/valkommen-till-dlabs-anvandardagar-2026\/"},"wordCount":310,"publisher":{"@id":"https:\/\/www.dlaboratory.com\/sv\/#organization"},"image":{"@id":"https:\/\/dlaboratory.com\/sv\/valkommen-till-dlabs-anvandardagar-2026\/#primaryimage"},"thumbnailUrl":"\/wp-content\/uploads\/2026\/02\/woman_in_workwear.jpg","articleSection":["Event","Nyheter"],"inLanguage":"sv-SE"},{"@type":"WebPage","@id":"https:\/\/dlaboratory.com\/sv\/valkommen-till-dlabs-anvandardagar-2026\/","url":"https:\/\/dlaboratory.com\/sv\/valkommen-till-dlabs-anvandardagar-2026\/","name":"V\u00e4lkommen till dLabs Anv\u00e4ndardagar 2026 - dlab","isPartOf":{"@id":"https:\/\/www.dlaboratory.com\/sv\/#website"},"primaryImageOfPage":{"@id":"https:\/\/dlaboratory.com\/sv\/valkommen-till-dlabs-anvandardagar-2026\/#primaryimage"},"image":{"@id":"https:\/\/dlaboratory.com\/sv\/valkommen-till-dlabs-anvandardagar-2026\/#primaryimage"},"thumbnailUrl":"\/wp-content\/uploads\/2026\/02\/woman_in_workwear.jpg","datePublished":"2026-02-15T12:56:35+00:00","dateModified":"2026-03-07T11:53:41+00:00","breadcrumb":{"@id":"https:\/\/dlaboratory.com\/sv\/valkommen-till-dlabs-anvandardagar-2026\/#breadcrumb"},"inLanguage":"sv-SE","potentialAction":[{"@type":"ReadAction","target":["https:\/\/dlaboratory.com\/sv\/valkommen-till-dlabs-anvandardagar-2026\/"]}]},{"@type":"ImageObject","inLanguage":"sv-SE","@id":"https:\/\/dlaboratory.com\/sv\/valkommen-till-dlabs-anvandardagar-2026\/#primaryimage","url":"\/wp-content\/uploads\/2026\/02\/woman_in_workwear.jpg","contentUrl":"\/wp-content\/uploads\/2026\/02\/woman_in_workwear.jpg","width":2048,"height":2048},{"@type":"BreadcrumbList","@id":"https:\/\/dlaboratory.com\/sv\/valkommen-till-dlabs-anvandardagar-2026\/#breadcrumb","itemListElement":[{"@type":"ListItem","position":1,"name":"Home","item":"https:\/\/dlaboratory.com\/sv\/"},{"@type":"ListItem","position":2,"name":"V\u00e4lkommen till dLabs Anv\u00e4ndardagar 2026"}]},{"@type":"WebSite","@id":"https:\/\/www.dlaboratory.com\/sv\/#website","url":"https:\/\/www.dlaboratory.com\/sv\/","name":"dLab","description":"","publisher":{"@id":"https:\/\/www.dlaboratory.com\/sv\/#organization"},"potentialAction":[{"@type":"SearchAction","target":{"@type":"EntryPoint","urlTemplate":"https:\/\/www.dlaboratory.com\/sv\/?s={search_term_string}"},"query-input":{"@type":"PropertyValueSpecification","valueRequired":true,"valueName":"search_term_string"}}],"inLanguage":"sv-SE"},{"@type":"Organization","@id":"https:\/\/www.dlaboratory.com\/sv\/#organization","name":"dLab","url":"https:\/\/www.dlaboratory.com\/sv\/","logo":{"@type":"ImageObject","inLanguage":"sv-SE","@id":"https:\/\/www.dlaboratory.com\/sv\/#\/schema\/logo\/image\/","url":"\/wp-content\/uploads\/2023\/12\/dlab_logo_transparent_white-1.png","contentUrl":"\/wp-content\/uploads\/2023\/12\/dlab_logo_transparent_white-1.png","width":4721,"height":2167,"caption":"dLab"},"image":{"@id":"https:\/\/www.dlaboratory.com\/sv\/#\/schema\/logo\/image\/"}},{"@type":"Person","@id":"https:\/\/www.dlaboratory.com\/sv\/#\/schema\/person\/e9713f8def28551c10e7a02949454222","name":"WCMoLbMJxR","image":{"@type":"ImageObject","inLanguage":"sv-SE","@id":"https:\/\/secure.gravatar.com\/avatar\/c2891f934b35cd98d56a4796c6516bd4298c85387c7bfe860fbaee7b10068820?s=96&d=mm&r=g","url":"https:\/\/secure.gravatar.com\/avatar\/c2891f934b35cd98d56a4796c6516bd4298c85387c7bfe860fbaee7b10068820?s=96&d=mm&r=g","contentUrl":"https:\/\/secure.gravatar.com\/avatar\/c2891f934b35cd98d56a4796c6516bd4298c85387c7bfe860fbaee7b10068820?s=96&d=mm&r=g","caption":"WCMoLbMJxR"},"sameAs":["https:\/\/dlaboratory.azurewebsites.net"]}]}},"_links":{"self":[{"href":"https:\/\/dlaboratory.com\/sv\/wp-json\/wp\/v2\/posts\/4755","targetHints":{"allow":["GET"]}}],"collection":[{"href":"https:\/\/dlaboratory.com\/sv\/wp-json\/wp\/v2\/posts"}],"about":[{"href":"https:\/\/dlaboratory.com\/sv\/wp-json\/wp\/v2\/types\/post"}],"author":[{"embeddable":true,"href":"https:\/\/dlaboratory.com\/sv\/wp-json\/wp\/v2\/users\/1"}],"replies":[{"embeddable":true,"href":"https:\/\/dlaboratory.com\/sv\/wp-json\/wp\/v2\/comments?post=4755"}],"version-history":[{"count":10,"href":"https:\/\/dlaboratory.com\/sv\/wp-json\/wp\/v2\/posts\/4755\/revisions"}],"predecessor-version":[{"id":4784,"href":"https:\/\/dlaboratory.com\/sv\/wp-json\/wp\/v2\/posts\/4755\/revisions\/4784"}],"wp:featuredmedia":[{"embeddable":true,"href":"https:\/\/dlaboratory.com\/sv\/wp-json\/wp\/v2\/media\/4762"}],"wp:attachment":[{"href":"https:\/\/dlaboratory.com\/sv\/wp-json\/wp\/v2\/media?parent=4755"}],"wp:term":[{"taxonomy":"category","embeddable":true,"href":"https:\/\/dlaboratory.com\/sv\/wp-json\/wp\/v2\/categories?post=4755"},{"taxonomy":"post_tag","embeddable":true,"href":"https:\/\/dlaboratory.com\/sv\/wp-json\/wp\/v2\/tags?post=4755"}],"curies":[{"name":"wp","href":"https:\/\/api.w.org\/{rel}","templated":true}]}}