{"id":4430,"date":"2025-04-03T10:42:29","date_gmt":"2025-04-03T10:42:29","guid":{"rendered":"https:\/\/dlaboratory.com\/dlabs-anvandardagar-2025-blev-en-succe\/"},"modified":"2025-04-08T13:12:55","modified_gmt":"2025-04-08T13:12:55","slug":"dlabs-anvandardagar-2025-blev-en-succe","status":"publish","type":"post","link":"https:\/\/dlaboratory.com\/sv\/dlabs-anvandardagar-2025-blev-en-succe\/","title":{"rendered":"dLabs anv\u00e4ndardagar 2025 blev en succ\u00e9"},"content":{"rendered":"\n<p>\u00c5rets anv\u00e4ndardagar bj\u00f6d p\u00e5 riktigt bra diskussioner och stort engagemang fr\u00e5n alla deltagare. Med 34 representanter fr\u00e5n 16 eln\u00e4tsbolag under ett och samma tak blev det tydligt att digitalisering och smarta eln\u00e4t \u00e4r viktigare \u00e4n n\u00e5gonsin. <\/p>\n\n<p>Under dagarna blev det m\u00e5nga samtal om aktuella utmaningar och m\u00f6jligheter inom bland annat driften, med ett starkt fokus p\u00e5 hur ny teknik och digitalisering kan supporta branschen i energiomst\u00e4llningen. Vi p\u00e5 dLab fick vi v\u00e4rdefull feedback och id\u00e9er som kommer att hj\u00e4lpa oss att vidareutveckla v\u00e5r intelligenta plattform som g\u00e5r i linje med DSO:ernas verkliga behov. <\/p>\n\n<p>Ett stort tack till v\u00e5ra externa talare som gjorde \u00e5rets anv\u00e4ndardagar \u00e4nnu mer inspirernade f\u00f6r alla deltagare:<br\/><br\/><strong>Martin Arnell, <a href=\"https:\/\/www.olofstromskraft.se\/\">Olofstr\u00f6ms Kraft<\/a><\/strong> &#8211; Ber\u00e4ttade hur de integrerade dLabs plattform med sitt NIS-system.<br\/><br\/><strong>Rickard Andr\u00e9n, <a href=\"https:\/\/www.eon.se\/\">E.ON<\/a><\/strong> &#8211; Ber\u00e4ttade om deras erfarenhet av dLab och hur de f\u00f6rl\u00e4nger livsl\u00e4ngden p\u00e5 \u00e5ldrande prim\u00e4ra transformatorstationer.<br\/><br\/><strong>Jenny Gustavsson &amp; Mattias Fredriksson <\/strong>, <a href=\"https:\/\/www.oresundskraft.se\/\"><strong>\u00d6resundskraft<\/strong> <\/a>&#8211; Presenterade sin digitaliseringsresa och den f\u00f6r\u00e4ndrade rollen som Distribution System Operator (DSO).<\/p>\n\n<figure class=\"wp-block-image size-large\"><img decoding=\"async\" width=\"1024\" height=\"576\" data-src=\"\/wp-content\/uploads\/2025\/04\/dLabs-anvandardagar-2025_01-1024x576.png\" alt=\"\" class=\"wp-image-4412 lazyload\" data-srcset=\"\/wp-content\/uploads\/2025\/04\/dLabs-anvandardagar-2025_01-1024x576.png 1024w, \/wp-content\/uploads\/2025\/04\/dLabs-anvandardagar-2025_01-300x169.png 300w, \/wp-content\/uploads\/2025\/04\/dLabs-anvandardagar-2025_01-768x432.png 768w, \/wp-content\/uploads\/2025\/04\/dLabs-anvandardagar-2025_01-1536x864.png 1536w, \/wp-content\/uploads\/2025\/04\/dLabs-anvandardagar-2025_01.png 1920w\" data-sizes=\"(max-width: 1024px) 100vw, 1024px\" src=\"data:image\/svg+xml;base64,PHN2ZyB3aWR0aD0iMSIgaGVpZ2h0PSIxIiB4bWxucz0iaHR0cDovL3d3dy53My5vcmcvMjAwMC9zdmciPjwvc3ZnPg==\" style=\"--smush-placeholder-width: 1024px; --smush-placeholder-aspect-ratio: 1024\/576;\" \/><\/figure>\n\n<p>Anv\u00e4ndardagarna \u00e4r mer \u00e4n bara ett forum f\u00f6r att presentera v\u00e5ra senaste funktioner och l\u00f6sningar &#8211; de \u00e4r en m\u00f6tesplats f\u00f6r n\u00e4tverkande och kunskapsutbyte. Genom att f\u00f6ra samman eln\u00e4tsbolagen skapar vi en dynamisk dialog som driver innovationen fram\u00e5t. <\/p>\n\n<figure class=\"wp-block-image size-large\"><img decoding=\"async\" width=\"1024\" height=\"576\" data-src=\"\/wp-content\/uploads\/2025\/04\/dLabsanvandardagar-2025_02-1024x576.png\" alt=\"\" class=\"wp-image-4414 lazyload\" data-srcset=\"\/wp-content\/uploads\/2025\/04\/dLabsanvandardagar-2025_02-1024x576.png 1024w, \/wp-content\/uploads\/2025\/04\/dLabsanvandardagar-2025_02-300x169.png 300w, \/wp-content\/uploads\/2025\/04\/dLabsanvandardagar-2025_02-768x432.png 768w, \/wp-content\/uploads\/2025\/04\/dLabsanvandardagar-2025_02-1536x864.png 1536w, \/wp-content\/uploads\/2025\/04\/dLabsanvandardagar-2025_02.png 1920w\" data-sizes=\"(max-width: 1024px) 100vw, 1024px\" src=\"data:image\/svg+xml;base64,PHN2ZyB3aWR0aD0iMSIgaGVpZ2h0PSIxIiB4bWxucz0iaHR0cDovL3d3dy53My5vcmcvMjAwMC9zdmciPjwvc3ZnPg==\" style=\"--smush-placeholder-width: 1024px; --smush-placeholder-aspect-ratio: 1024\/576;\" \/><\/figure>\n\n<p>Ett stort tack till alla deltagare f\u00f6r ert engagemang. Det \u00e4r tack vare er som dessa dagar blev s\u00e5 lyckade.  <\/p>\n","protected":false},"excerpt":{"rendered":"<p>\u00c5rets anv\u00e4ndardagar bj\u00f6d p\u00e5 riktigt bra diskussioner och stort engagemang fr\u00e5n alla deltagare. Med 34 representanter fr\u00e5n 16 eln\u00e4tsbolag under ett och samma tak blev det tydligt att digitalisering och smarta eln\u00e4t \u00e4r viktigare \u00e4n n\u00e5gonsin. Under dagarna blev det m\u00e5nga samtal om aktuella utmaningar och m\u00f6jligheter inom bland annat driften, med ett starkt fokus [&hellip;]<\/p>\n","protected":false},"author":1,"featured_media":4417,"comment_status":"closed","ping_status":"closed","sticky":false,"template":"","format":"standard","meta":{"content-type":"","footnotes":""},"categories":[40,28],"tags":[],"class_list":["post-4430","post","type-post","status-publish","format-standard","has-post-thumbnail","hentry","category-foretagsnyheter","category-nyheter"],"yoast_head":"<!-- This site is optimized with the Yoast SEO Premium plugin v27.4 (Yoast SEO v27.4) - https:\/\/yoast.com\/product\/yoast-seo-premium-wordpress\/ -->\n<title>dLabs anv\u00e4ndardagar belyser vikten av smarta eln\u00e4t - dlab<\/title>\n<meta name=\"description\" content=\"Utforska dLabs anv\u00e4ndardagar, med diskussioner om digitalisering och smarta eln\u00e4tstekniker.\" \/>\n<meta name=\"robots\" content=\"index, follow, max-snippet:-1, max-image-preview:large, max-video-preview:-1\" \/>\n<link rel=\"canonical\" href=\"https:\/\/dlaboratory.com\/sv\/dlabs-anvandardagar-2025-blev-en-succe\/\" \/>\n<meta property=\"og:locale\" content=\"sv_SE\" \/>\n<meta property=\"og:type\" content=\"article\" \/>\n<meta property=\"og:title\" content=\"dLabs anv\u00e4ndardagar 2025 blev en succ\u00e9\" \/>\n<meta property=\"og:description\" content=\"Utforska dLabs anv\u00e4ndardagar, med diskussioner om digitalisering och smarta eln\u00e4tstekniker.\" \/>\n<meta property=\"og:url\" content=\"https:\/\/dlaboratory.com\/sv\/dlabs-anvandardagar-2025-blev-en-succe\/\" \/>\n<meta property=\"og:site_name\" content=\"dlab\" \/>\n<meta property=\"article:published_time\" content=\"2025-04-03T10:42:29+00:00\" \/>\n<meta property=\"article:modified_time\" content=\"2025-04-08T13:12:55+00:00\" \/>\n<meta property=\"og:image\" content=\"https:\/\/dlaboratory.com\/wp-content\/uploads\/2025\/04\/20250319_110229-scaled.jpg\" \/>\n\t<meta property=\"og:image:width\" content=\"2560\" \/>\n\t<meta property=\"og:image:height\" content=\"1920\" \/>\n\t<meta property=\"og:image:type\" content=\"image\/jpeg\" \/>\n<meta name=\"author\" content=\"WCMoLbMJxR\" \/>\n<meta name=\"twitter:card\" content=\"summary_large_image\" \/>\n<meta name=\"twitter:label1\" content=\"Skriven av\" \/>\n\t<meta name=\"twitter:data1\" content=\"WCMoLbMJxR\" \/>\n\t<meta name=\"twitter:label2\" content=\"Ber\u00e4knad l\u00e4stid\" \/>\n\t<meta name=\"twitter:data2\" content=\"1 minut\" \/>\n<script type=\"application\/ld+json\" class=\"yoast-schema-graph\">{\"@context\":\"https:\\\/\\\/schema.org\",\"@graph\":[{\"@type\":\"Article\",\"@id\":\"https:\\\/\\\/dlaboratory.com\\\/sv\\\/dlabs-anvandardagar-2025-blev-en-succe\\\/#article\",\"isPartOf\":{\"@id\":\"https:\\\/\\\/dlaboratory.com\\\/sv\\\/dlabs-anvandardagar-2025-blev-en-succe\\\/\"},\"author\":{\"name\":\"WCMoLbMJxR\",\"@id\":\"https:\\\/\\\/www.dlaboratory.com\\\/sv\\\/#\\\/schema\\\/person\\\/e9713f8def28551c10e7a02949454222\"},\"headline\":\"dLabs anv\u00e4ndardagar 2025 blev en succ\u00e9\",\"datePublished\":\"2025-04-03T10:42:29+00:00\",\"dateModified\":\"2025-04-08T13:12:55+00:00\",\"mainEntityOfPage\":{\"@id\":\"https:\\\/\\\/dlaboratory.com\\\/sv\\\/dlabs-anvandardagar-2025-blev-en-succe\\\/\"},\"wordCount\":265,\"publisher\":{\"@id\":\"https:\\\/\\\/www.dlaboratory.com\\\/sv\\\/#organization\"},\"image\":{\"@id\":\"https:\\\/\\\/dlaboratory.com\\\/sv\\\/dlabs-anvandardagar-2025-blev-en-succe\\\/#primaryimage\"},\"thumbnailUrl\":\"\\\/wp-content\\\/uploads\\\/2025\\\/04\\\/20250319_110229-scaled.jpg\",\"articleSection\":[\"F\u00f6retagsnyheter\",\"Nyheter\"],\"inLanguage\":\"sv-SE\"},{\"@type\":\"WebPage\",\"@id\":\"https:\\\/\\\/dlaboratory.com\\\/sv\\\/dlabs-anvandardagar-2025-blev-en-succe\\\/\",\"url\":\"https:\\\/\\\/dlaboratory.com\\\/sv\\\/dlabs-anvandardagar-2025-blev-en-succe\\\/\",\"name\":\"dLabs anv\u00e4ndardagar belyser vikten av smarta eln\u00e4t - dlab\",\"isPartOf\":{\"@id\":\"https:\\\/\\\/www.dlaboratory.com\\\/sv\\\/#website\"},\"primaryImageOfPage\":{\"@id\":\"https:\\\/\\\/dlaboratory.com\\\/sv\\\/dlabs-anvandardagar-2025-blev-en-succe\\\/#primaryimage\"},\"image\":{\"@id\":\"https:\\\/\\\/dlaboratory.com\\\/sv\\\/dlabs-anvandardagar-2025-blev-en-succe\\\/#primaryimage\"},\"thumbnailUrl\":\"\\\/wp-content\\\/uploads\\\/2025\\\/04\\\/20250319_110229-scaled.jpg\",\"datePublished\":\"2025-04-03T10:42:29+00:00\",\"dateModified\":\"2025-04-08T13:12:55+00:00\",\"description\":\"Utforska dLabs anv\u00e4ndardagar, med diskussioner om digitalisering och smarta eln\u00e4tstekniker.\",\"breadcrumb\":{\"@id\":\"https:\\\/\\\/dlaboratory.com\\\/sv\\\/dlabs-anvandardagar-2025-blev-en-succe\\\/#breadcrumb\"},\"inLanguage\":\"sv-SE\",\"potentialAction\":[{\"@type\":\"ReadAction\",\"target\":[\"https:\\\/\\\/dlaboratory.com\\\/sv\\\/dlabs-anvandardagar-2025-blev-en-succe\\\/\"]}]},{\"@type\":\"ImageObject\",\"inLanguage\":\"sv-SE\",\"@id\":\"https:\\\/\\\/dlaboratory.com\\\/sv\\\/dlabs-anvandardagar-2025-blev-en-succe\\\/#primaryimage\",\"url\":\"\\\/wp-content\\\/uploads\\\/2025\\\/04\\\/20250319_110229-scaled.jpg\",\"contentUrl\":\"\\\/wp-content\\\/uploads\\\/2025\\\/04\\\/20250319_110229-scaled.jpg\",\"width\":2560,\"height\":1920},{\"@type\":\"BreadcrumbList\",\"@id\":\"https:\\\/\\\/dlaboratory.com\\\/sv\\\/dlabs-anvandardagar-2025-blev-en-succe\\\/#breadcrumb\",\"itemListElement\":[{\"@type\":\"ListItem\",\"position\":1,\"name\":\"Home\",\"item\":\"https:\\\/\\\/dlaboratory.com\\\/sv\\\/\"},{\"@type\":\"ListItem\",\"position\":2,\"name\":\"dLabs anv\u00e4ndardagar 2025 blev en succ\u00e9\"}]},{\"@type\":\"WebSite\",\"@id\":\"https:\\\/\\\/www.dlaboratory.com\\\/sv\\\/#website\",\"url\":\"https:\\\/\\\/www.dlaboratory.com\\\/sv\\\/\",\"name\":\"dLab\",\"description\":\"\",\"publisher\":{\"@id\":\"https:\\\/\\\/www.dlaboratory.com\\\/sv\\\/#organization\"},\"potentialAction\":[{\"@type\":\"SearchAction\",\"target\":{\"@type\":\"EntryPoint\",\"urlTemplate\":\"https:\\\/\\\/www.dlaboratory.com\\\/sv\\\/?s={search_term_string}\"},\"query-input\":{\"@type\":\"PropertyValueSpecification\",\"valueRequired\":true,\"valueName\":\"search_term_string\"}}],\"inLanguage\":\"sv-SE\"},{\"@type\":\"Organization\",\"@id\":\"https:\\\/\\\/www.dlaboratory.com\\\/sv\\\/#organization\",\"name\":\"dLab\",\"url\":\"https:\\\/\\\/www.dlaboratory.com\\\/sv\\\/\",\"logo\":{\"@type\":\"ImageObject\",\"inLanguage\":\"sv-SE\",\"@id\":\"https:\\\/\\\/www.dlaboratory.com\\\/sv\\\/#\\\/schema\\\/logo\\\/image\\\/\",\"url\":\"\\\/wp-content\\\/uploads\\\/2023\\\/12\\\/dlab_logo_transparent_white-1.png\",\"contentUrl\":\"\\\/wp-content\\\/uploads\\\/2023\\\/12\\\/dlab_logo_transparent_white-1.png\",\"width\":4721,\"height\":2167,\"caption\":\"dLab\"},\"image\":{\"@id\":\"https:\\\/\\\/www.dlaboratory.com\\\/sv\\\/#\\\/schema\\\/logo\\\/image\\\/\"}},{\"@type\":\"Person\",\"@id\":\"https:\\\/\\\/www.dlaboratory.com\\\/sv\\\/#\\\/schema\\\/person\\\/e9713f8def28551c10e7a02949454222\",\"name\":\"WCMoLbMJxR\",\"image\":{\"@type\":\"ImageObject\",\"inLanguage\":\"sv-SE\",\"@id\":\"https:\\\/\\\/secure.gravatar.com\\\/avatar\\\/c2891f934b35cd98d56a4796c6516bd4298c85387c7bfe860fbaee7b10068820?s=96&d=mm&r=g\",\"url\":\"https:\\\/\\\/secure.gravatar.com\\\/avatar\\\/c2891f934b35cd98d56a4796c6516bd4298c85387c7bfe860fbaee7b10068820?s=96&d=mm&r=g\",\"contentUrl\":\"https:\\\/\\\/secure.gravatar.com\\\/avatar\\\/c2891f934b35cd98d56a4796c6516bd4298c85387c7bfe860fbaee7b10068820?s=96&d=mm&r=g\",\"caption\":\"WCMoLbMJxR\"},\"sameAs\":[\"https:\\\/\\\/dlaboratory.azurewebsites.net\"]}]}<\/script>\n<!-- \/ Yoast SEO Premium plugin. -->","yoast_head_json":{"title":"dLabs anv\u00e4ndardagar belyser vikten av smarta eln\u00e4t - dlab","description":"Utforska dLabs anv\u00e4ndardagar, med diskussioner om digitalisering och smarta eln\u00e4tstekniker.","robots":{"index":"index","follow":"follow","max-snippet":"max-snippet:-1","max-image-preview":"max-image-preview:large","max-video-preview":"max-video-preview:-1"},"canonical":"https:\/\/dlaboratory.com\/sv\/dlabs-anvandardagar-2025-blev-en-succe\/","og_locale":"sv_SE","og_type":"article","og_title":"dLabs anv\u00e4ndardagar 2025 blev en succ\u00e9","og_description":"Utforska dLabs anv\u00e4ndardagar, med diskussioner om digitalisering och smarta eln\u00e4tstekniker.","og_url":"https:\/\/dlaboratory.com\/sv\/dlabs-anvandardagar-2025-blev-en-succe\/","og_site_name":"dlab","article_published_time":"2025-04-03T10:42:29+00:00","article_modified_time":"2025-04-08T13:12:55+00:00","og_image":[{"width":2560,"height":1920,"url":"https:\/\/dlaboratory.com\/wp-content\/uploads\/2025\/04\/20250319_110229-scaled.jpg","type":"image\/jpeg"}],"author":"WCMoLbMJxR","twitter_card":"summary_large_image","twitter_misc":{"Skriven av":"WCMoLbMJxR","Ber\u00e4knad l\u00e4stid":"1 minut"},"schema":{"@context":"https:\/\/schema.org","@graph":[{"@type":"Article","@id":"https:\/\/dlaboratory.com\/sv\/dlabs-anvandardagar-2025-blev-en-succe\/#article","isPartOf":{"@id":"https:\/\/dlaboratory.com\/sv\/dlabs-anvandardagar-2025-blev-en-succe\/"},"author":{"name":"WCMoLbMJxR","@id":"https:\/\/www.dlaboratory.com\/sv\/#\/schema\/person\/e9713f8def28551c10e7a02949454222"},"headline":"dLabs anv\u00e4ndardagar 2025 blev en succ\u00e9","datePublished":"2025-04-03T10:42:29+00:00","dateModified":"2025-04-08T13:12:55+00:00","mainEntityOfPage":{"@id":"https:\/\/dlaboratory.com\/sv\/dlabs-anvandardagar-2025-blev-en-succe\/"},"wordCount":265,"publisher":{"@id":"https:\/\/www.dlaboratory.com\/sv\/#organization"},"image":{"@id":"https:\/\/dlaboratory.com\/sv\/dlabs-anvandardagar-2025-blev-en-succe\/#primaryimage"},"thumbnailUrl":"\/wp-content\/uploads\/2025\/04\/20250319_110229-scaled.jpg","articleSection":["F\u00f6retagsnyheter","Nyheter"],"inLanguage":"sv-SE"},{"@type":"WebPage","@id":"https:\/\/dlaboratory.com\/sv\/dlabs-anvandardagar-2025-blev-en-succe\/","url":"https:\/\/dlaboratory.com\/sv\/dlabs-anvandardagar-2025-blev-en-succe\/","name":"dLabs anv\u00e4ndardagar belyser vikten av smarta eln\u00e4t - dlab","isPartOf":{"@id":"https:\/\/www.dlaboratory.com\/sv\/#website"},"primaryImageOfPage":{"@id":"https:\/\/dlaboratory.com\/sv\/dlabs-anvandardagar-2025-blev-en-succe\/#primaryimage"},"image":{"@id":"https:\/\/dlaboratory.com\/sv\/dlabs-anvandardagar-2025-blev-en-succe\/#primaryimage"},"thumbnailUrl":"\/wp-content\/uploads\/2025\/04\/20250319_110229-scaled.jpg","datePublished":"2025-04-03T10:42:29+00:00","dateModified":"2025-04-08T13:12:55+00:00","description":"Utforska dLabs anv\u00e4ndardagar, med diskussioner om digitalisering och smarta eln\u00e4tstekniker.","breadcrumb":{"@id":"https:\/\/dlaboratory.com\/sv\/dlabs-anvandardagar-2025-blev-en-succe\/#breadcrumb"},"inLanguage":"sv-SE","potentialAction":[{"@type":"ReadAction","target":["https:\/\/dlaboratory.com\/sv\/dlabs-anvandardagar-2025-blev-en-succe\/"]}]},{"@type":"ImageObject","inLanguage":"sv-SE","@id":"https:\/\/dlaboratory.com\/sv\/dlabs-anvandardagar-2025-blev-en-succe\/#primaryimage","url":"\/wp-content\/uploads\/2025\/04\/20250319_110229-scaled.jpg","contentUrl":"\/wp-content\/uploads\/2025\/04\/20250319_110229-scaled.jpg","width":2560,"height":1920},{"@type":"BreadcrumbList","@id":"https:\/\/dlaboratory.com\/sv\/dlabs-anvandardagar-2025-blev-en-succe\/#breadcrumb","itemListElement":[{"@type":"ListItem","position":1,"name":"Home","item":"https:\/\/dlaboratory.com\/sv\/"},{"@type":"ListItem","position":2,"name":"dLabs anv\u00e4ndardagar 2025 blev en succ\u00e9"}]},{"@type":"WebSite","@id":"https:\/\/www.dlaboratory.com\/sv\/#website","url":"https:\/\/www.dlaboratory.com\/sv\/","name":"dLab","description":"","publisher":{"@id":"https:\/\/www.dlaboratory.com\/sv\/#organization"},"potentialAction":[{"@type":"SearchAction","target":{"@type":"EntryPoint","urlTemplate":"https:\/\/www.dlaboratory.com\/sv\/?s={search_term_string}"},"query-input":{"@type":"PropertyValueSpecification","valueRequired":true,"valueName":"search_term_string"}}],"inLanguage":"sv-SE"},{"@type":"Organization","@id":"https:\/\/www.dlaboratory.com\/sv\/#organization","name":"dLab","url":"https:\/\/www.dlaboratory.com\/sv\/","logo":{"@type":"ImageObject","inLanguage":"sv-SE","@id":"https:\/\/www.dlaboratory.com\/sv\/#\/schema\/logo\/image\/","url":"\/wp-content\/uploads\/2023\/12\/dlab_logo_transparent_white-1.png","contentUrl":"\/wp-content\/uploads\/2023\/12\/dlab_logo_transparent_white-1.png","width":4721,"height":2167,"caption":"dLab"},"image":{"@id":"https:\/\/www.dlaboratory.com\/sv\/#\/schema\/logo\/image\/"}},{"@type":"Person","@id":"https:\/\/www.dlaboratory.com\/sv\/#\/schema\/person\/e9713f8def28551c10e7a02949454222","name":"WCMoLbMJxR","image":{"@type":"ImageObject","inLanguage":"sv-SE","@id":"https:\/\/secure.gravatar.com\/avatar\/c2891f934b35cd98d56a4796c6516bd4298c85387c7bfe860fbaee7b10068820?s=96&d=mm&r=g","url":"https:\/\/secure.gravatar.com\/avatar\/c2891f934b35cd98d56a4796c6516bd4298c85387c7bfe860fbaee7b10068820?s=96&d=mm&r=g","contentUrl":"https:\/\/secure.gravatar.com\/avatar\/c2891f934b35cd98d56a4796c6516bd4298c85387c7bfe860fbaee7b10068820?s=96&d=mm&r=g","caption":"WCMoLbMJxR"},"sameAs":["https:\/\/dlaboratory.azurewebsites.net"]}]}},"_links":{"self":[{"href":"https:\/\/dlaboratory.com\/sv\/wp-json\/wp\/v2\/posts\/4430","targetHints":{"allow":["GET"]}}],"collection":[{"href":"https:\/\/dlaboratory.com\/sv\/wp-json\/wp\/v2\/posts"}],"about":[{"href":"https:\/\/dlaboratory.com\/sv\/wp-json\/wp\/v2\/types\/post"}],"author":[{"embeddable":true,"href":"https:\/\/dlaboratory.com\/sv\/wp-json\/wp\/v2\/users\/1"}],"replies":[{"embeddable":true,"href":"https:\/\/dlaboratory.com\/sv\/wp-json\/wp\/v2\/comments?post=4430"}],"version-history":[{"count":1,"href":"https:\/\/dlaboratory.com\/sv\/wp-json\/wp\/v2\/posts\/4430\/revisions"}],"predecessor-version":[{"id":4431,"href":"https:\/\/dlaboratory.com\/sv\/wp-json\/wp\/v2\/posts\/4430\/revisions\/4431"}],"wp:featuredmedia":[{"embeddable":true,"href":"https:\/\/dlaboratory.com\/sv\/wp-json\/wp\/v2\/media\/4417"}],"wp:attachment":[{"href":"https:\/\/dlaboratory.com\/sv\/wp-json\/wp\/v2\/media?parent=4430"}],"wp:term":[{"taxonomy":"category","embeddable":true,"href":"https:\/\/dlaboratory.com\/sv\/wp-json\/wp\/v2\/categories?post=4430"},{"taxonomy":"post_tag","embeddable":true,"href":"https:\/\/dlaboratory.com\/sv\/wp-json\/wp\/v2\/tags?post=4430"}],"curies":[{"name":"wp","href":"https:\/\/api.w.org\/{rel}","templated":true}]}}