{"id":3263,"date":"2024-03-19T12:38:00","date_gmt":"2024-03-19T12:38:00","guid":{"rendered":"https:\/\/dlaboratory.com\/?p=3263"},"modified":"2024-12-02T12:20:55","modified_gmt":"2024-12-02T12:20:55","slug":"hallbart-elnat-i-fokus-pa-dlabs-anvandardagar","status":"publish","type":"post","link":"https:\/\/dlaboratory.com\/sv\/hallbart-elnat-i-fokus-pa-dlabs-anvandardagar\/","title":{"rendered":"H\u00e5llbart eln\u00e4t i fokus p\u00e5 dLabs anv\u00e4ndardagar"},"content":{"rendered":"\n<p class=\"has-dlab-teal-color has-text-color has-link-color wp-elements-fd1119771d2feca508f2e08680c22c4e\">Vi p\u00e5 dLab \u00e4r stolta \u00f6ver v\u00e5ra framg\u00e5ngsrika anv\u00e4ndardagar f\u00f6rra veckan. Ett imponerande antal deltagare fr\u00e5n 12 eln\u00e4tsbolag deltog i tv\u00e5 halvdagar av givande diskussioner och kunskapsutbyte.<\/p>\n\n\n\n<p>Under dessa intensiva dagar, diskuterades en m\u00e4ngd viktiga \u00e4mnen som \u00e4r avg\u00f6rande f\u00f6r att s\u00e4kerst\u00e4lla en p\u00e5litlig och effektiv distribution av elektricitet till samh\u00e4llet. Diskussionerna r\u00f6rde allt fr\u00e5n proaktivt underh\u00e5ll och eln\u00e4tsplanering till strategier f\u00f6r att minska str\u00f6mavbrott med hj\u00e4lp av tidiga varningssystem fr\u00e5n dLabs plattform. Ett speciellt fokus l\u00e5g ocks\u00e5 p\u00e5 de utmaningar som uppst\u00e5r n\u00e4r batterianl\u00e4ggningar integreras i eln\u00e4tet och behovet av effektiv \u00f6vervakning av dessa.<\/p>\n\n\n\n<p>Vi vill rikta ett stort tack till alla deltagare vars insikter och erfarenheter bidrog till att g\u00f6ra dessa anv\u00e4ndardagar s\u00e5 lyckade. Vi ser nu fram emot att ta med oss de insikter och id\u00e9er som genererades under dessa dagar f\u00f6r att forts\u00e4tta driva innovation inom b\u00e5de dLab och eln\u00e4tsbranschen som helhet. Tillsammans ser vi till att skapa ett p\u00e5litligt eln\u00e4t idag och f\u00f6r framtiden! <\/p>\n\n\n\n<figure class=\"wp-block-image size-full\"><img decoding=\"async\" width=\"1200\" height=\"900\" data-src=\"\/wp-content\/uploads\/2024\/03\/Untitled.jpeg\" alt=\"\" class=\"wp-image-3274 lazyload\" data-srcset=\"\/wp-content\/uploads\/2024\/03\/Untitled.jpeg 1200w, \/wp-content\/uploads\/2024\/03\/Untitled-300x225.jpeg 300w, \/wp-content\/uploads\/2024\/03\/Untitled-1024x768.jpeg 1024w, \/wp-content\/uploads\/2024\/03\/Untitled-768x576.jpeg 768w\" data-sizes=\"(max-width: 1200px) 100vw, 1200px\" src=\"data:image\/svg+xml;base64,PHN2ZyB3aWR0aD0iMSIgaGVpZ2h0PSIxIiB4bWxucz0iaHR0cDovL3d3dy53My5vcmcvMjAwMC9zdmciPjwvc3ZnPg==\" style=\"--smush-placeholder-width: 1200px; --smush-placeholder-aspect-ratio: 1200\/900;\" \/><\/figure>\n","protected":false},"excerpt":{"rendered":"<p>Vi p\u00e5 dLab \u00e4r stolta \u00f6ver v\u00e5ra framg\u00e5ngsrika anv\u00e4ndardagar f\u00f6rra veckan. Ett imponerande antal deltagare fr\u00e5n 12 eln\u00e4tsbolag deltog i tv\u00e5 halvdagar av givande diskussioner och kunskapsutbyte. Under dessa intensiva dagar, diskuterades en m\u00e4ngd viktiga \u00e4mnen som \u00e4r avg\u00f6rande f\u00f6r att s\u00e4kerst\u00e4lla en p\u00e5litlig och effektiv distribution av elektricitet till samh\u00e4llet. Diskussionerna r\u00f6rde allt fr\u00e5n [&hellip;]<\/p>\n","protected":false},"author":2,"featured_media":3264,"comment_status":"closed","ping_status":"closed","sticky":false,"template":"wp-custom-template-nyhet","format":"standard","meta":{"content-type":"","footnotes":""},"categories":[40,28],"tags":[],"class_list":["post-3263","post","type-post","status-publish","format-standard","has-post-thumbnail","hentry","category-foretagsnyheter","category-nyheter"],"yoast_head":"<!-- This site is optimized with the Yoast SEO Premium plugin v27.4 (Yoast SEO v27.4) - https:\/\/yoast.com\/product\/yoast-seo-premium-wordpress\/ -->\n<title>H\u00e5llbart eln\u00e4t i fokus p\u00e5 dLabs anv\u00e4ndardagar - dlab<\/title>\n<meta name=\"robots\" content=\"index, follow, max-snippet:-1, max-image-preview:large, max-video-preview:-1\" \/>\n<link rel=\"canonical\" href=\"https:\/\/dlaboratory.com\/sv\/hallbart-elnat-i-fokus-pa-dlabs-anvandardagar\/\" \/>\n<meta property=\"og:locale\" content=\"sv_SE\" \/>\n<meta property=\"og:type\" content=\"article\" \/>\n<meta property=\"og:title\" content=\"H\u00e5llbart eln\u00e4t i fokus p\u00e5 dLabs anv\u00e4ndardagar\" \/>\n<meta property=\"og:description\" content=\"Vi p\u00e5 dLab \u00e4r stolta \u00f6ver v\u00e5ra framg\u00e5ngsrika anv\u00e4ndardagar f\u00f6rra veckan. Ett imponerande antal deltagare fr\u00e5n 12 eln\u00e4tsbolag deltog i tv\u00e5 halvdagar av givande diskussioner och kunskapsutbyte. Under dessa intensiva dagar, diskuterades en m\u00e4ngd viktiga \u00e4mnen som \u00e4r avg\u00f6rande f\u00f6r att s\u00e4kerst\u00e4lla en p\u00e5litlig och effektiv distribution av elektricitet till samh\u00e4llet. Diskussionerna r\u00f6rde allt fr\u00e5n [&hellip;]\" \/>\n<meta property=\"og:url\" content=\"https:\/\/dlaboratory.com\/sv\/hallbart-elnat-i-fokus-pa-dlabs-anvandardagar\/\" \/>\n<meta property=\"og:site_name\" content=\"dlab\" \/>\n<meta property=\"article:published_time\" content=\"2024-03-19T12:38:00+00:00\" \/>\n<meta property=\"article:modified_time\" content=\"2024-12-02T12:20:55+00:00\" \/>\n<meta property=\"og:image\" content=\"https:\/\/dlaboratory.com\/wp-content\/uploads\/2024\/03\/20240313_152710-scaled.jpg\" \/>\n\t<meta property=\"og:image:width\" content=\"2560\" \/>\n\t<meta property=\"og:image:height\" content=\"1441\" \/>\n\t<meta property=\"og:image:type\" content=\"image\/jpeg\" \/>\n<meta name=\"author\" content=\"matildasikora\" \/>\n<meta name=\"twitter:card\" content=\"summary_large_image\" \/>\n<meta name=\"twitter:label1\" content=\"Skriven av\" \/>\n\t<meta name=\"twitter:data1\" content=\"matildasikora\" \/>\n\t<meta name=\"twitter:label2\" content=\"Ber\u00e4knad l\u00e4stid\" \/>\n\t<meta name=\"twitter:data2\" content=\"2 minuter\" \/>\n<script type=\"application\/ld+json\" class=\"yoast-schema-graph\">{\"@context\":\"https:\\\/\\\/schema.org\",\"@graph\":[{\"@type\":\"Article\",\"@id\":\"https:\\\/\\\/dlaboratory.com\\\/sv\\\/hallbart-elnat-i-fokus-pa-dlabs-anvandardagar\\\/#article\",\"isPartOf\":{\"@id\":\"https:\\\/\\\/dlaboratory.com\\\/sv\\\/hallbart-elnat-i-fokus-pa-dlabs-anvandardagar\\\/\"},\"author\":{\"name\":\"matildasikora\",\"@id\":\"https:\\\/\\\/www.dlaboratory.com\\\/sv\\\/#\\\/schema\\\/person\\\/bdb138467531a7e5343e9e112bc9ce15\"},\"headline\":\"H\u00e5llbart eln\u00e4t i fokus p\u00e5 dLabs anv\u00e4ndardagar\",\"datePublished\":\"2024-03-19T12:38:00+00:00\",\"dateModified\":\"2024-12-02T12:20:55+00:00\",\"mainEntityOfPage\":{\"@id\":\"https:\\\/\\\/dlaboratory.com\\\/sv\\\/hallbart-elnat-i-fokus-pa-dlabs-anvandardagar\\\/\"},\"wordCount\":204,\"publisher\":{\"@id\":\"https:\\\/\\\/www.dlaboratory.com\\\/sv\\\/#organization\"},\"image\":{\"@id\":\"https:\\\/\\\/dlaboratory.com\\\/sv\\\/hallbart-elnat-i-fokus-pa-dlabs-anvandardagar\\\/#primaryimage\"},\"thumbnailUrl\":\"\\\/wp-content\\\/uploads\\\/2024\\\/03\\\/20240313_152710-scaled.jpg\",\"articleSection\":[\"F\u00f6retagsnyheter\",\"Nyheter\"],\"inLanguage\":\"sv-SE\"},{\"@type\":\"WebPage\",\"@id\":\"https:\\\/\\\/dlaboratory.com\\\/sv\\\/hallbart-elnat-i-fokus-pa-dlabs-anvandardagar\\\/\",\"url\":\"https:\\\/\\\/dlaboratory.com\\\/sv\\\/hallbart-elnat-i-fokus-pa-dlabs-anvandardagar\\\/\",\"name\":\"H\u00e5llbart eln\u00e4t i fokus p\u00e5 dLabs anv\u00e4ndardagar - dlab\",\"isPartOf\":{\"@id\":\"https:\\\/\\\/www.dlaboratory.com\\\/sv\\\/#website\"},\"primaryImageOfPage\":{\"@id\":\"https:\\\/\\\/dlaboratory.com\\\/sv\\\/hallbart-elnat-i-fokus-pa-dlabs-anvandardagar\\\/#primaryimage\"},\"image\":{\"@id\":\"https:\\\/\\\/dlaboratory.com\\\/sv\\\/hallbart-elnat-i-fokus-pa-dlabs-anvandardagar\\\/#primaryimage\"},\"thumbnailUrl\":\"\\\/wp-content\\\/uploads\\\/2024\\\/03\\\/20240313_152710-scaled.jpg\",\"datePublished\":\"2024-03-19T12:38:00+00:00\",\"dateModified\":\"2024-12-02T12:20:55+00:00\",\"breadcrumb\":{\"@id\":\"https:\\\/\\\/dlaboratory.com\\\/sv\\\/hallbart-elnat-i-fokus-pa-dlabs-anvandardagar\\\/#breadcrumb\"},\"inLanguage\":\"sv-SE\",\"potentialAction\":[{\"@type\":\"ReadAction\",\"target\":[\"https:\\\/\\\/dlaboratory.com\\\/sv\\\/hallbart-elnat-i-fokus-pa-dlabs-anvandardagar\\\/\"]}]},{\"@type\":\"ImageObject\",\"inLanguage\":\"sv-SE\",\"@id\":\"https:\\\/\\\/dlaboratory.com\\\/sv\\\/hallbart-elnat-i-fokus-pa-dlabs-anvandardagar\\\/#primaryimage\",\"url\":\"\\\/wp-content\\\/uploads\\\/2024\\\/03\\\/20240313_152710-scaled.jpg\",\"contentUrl\":\"\\\/wp-content\\\/uploads\\\/2024\\\/03\\\/20240313_152710-scaled.jpg\",\"width\":2560,\"height\":1441,\"caption\":\"Halmstad energi och milj\u00f6\"},{\"@type\":\"BreadcrumbList\",\"@id\":\"https:\\\/\\\/dlaboratory.com\\\/sv\\\/hallbart-elnat-i-fokus-pa-dlabs-anvandardagar\\\/#breadcrumb\",\"itemListElement\":[{\"@type\":\"ListItem\",\"position\":1,\"name\":\"Home\",\"item\":\"https:\\\/\\\/dlaboratory.com\\\/sv\\\/\"},{\"@type\":\"ListItem\",\"position\":2,\"name\":\"H\u00e5llbart eln\u00e4t i fokus p\u00e5 dLabs anv\u00e4ndardagar\"}]},{\"@type\":\"WebSite\",\"@id\":\"https:\\\/\\\/www.dlaboratory.com\\\/sv\\\/#website\",\"url\":\"https:\\\/\\\/www.dlaboratory.com\\\/sv\\\/\",\"name\":\"dLab\",\"description\":\"\",\"publisher\":{\"@id\":\"https:\\\/\\\/www.dlaboratory.com\\\/sv\\\/#organization\"},\"potentialAction\":[{\"@type\":\"SearchAction\",\"target\":{\"@type\":\"EntryPoint\",\"urlTemplate\":\"https:\\\/\\\/www.dlaboratory.com\\\/sv\\\/?s={search_term_string}\"},\"query-input\":{\"@type\":\"PropertyValueSpecification\",\"valueRequired\":true,\"valueName\":\"search_term_string\"}}],\"inLanguage\":\"sv-SE\"},{\"@type\":\"Organization\",\"@id\":\"https:\\\/\\\/www.dlaboratory.com\\\/sv\\\/#organization\",\"name\":\"dLab\",\"url\":\"https:\\\/\\\/www.dlaboratory.com\\\/sv\\\/\",\"logo\":{\"@type\":\"ImageObject\",\"inLanguage\":\"sv-SE\",\"@id\":\"https:\\\/\\\/www.dlaboratory.com\\\/sv\\\/#\\\/schema\\\/logo\\\/image\\\/\",\"url\":\"\\\/wp-content\\\/uploads\\\/2023\\\/12\\\/dlab_logo_transparent_white-1.png\",\"contentUrl\":\"\\\/wp-content\\\/uploads\\\/2023\\\/12\\\/dlab_logo_transparent_white-1.png\",\"width\":4721,\"height\":2167,\"caption\":\"dLab\"},\"image\":{\"@id\":\"https:\\\/\\\/www.dlaboratory.com\\\/sv\\\/#\\\/schema\\\/logo\\\/image\\\/\"}},{\"@type\":\"Person\",\"@id\":\"https:\\\/\\\/www.dlaboratory.com\\\/sv\\\/#\\\/schema\\\/person\\\/bdb138467531a7e5343e9e112bc9ce15\",\"name\":\"matildasikora\",\"image\":{\"@type\":\"ImageObject\",\"inLanguage\":\"sv-SE\",\"@id\":\"https:\\\/\\\/secure.gravatar.com\\\/avatar\\\/004644996139997add3e128750b8682c4a5432905920c08533db3c7b16465ab3?s=96&d=mm&r=g\",\"url\":\"https:\\\/\\\/secure.gravatar.com\\\/avatar\\\/004644996139997add3e128750b8682c4a5432905920c08533db3c7b16465ab3?s=96&d=mm&r=g\",\"contentUrl\":\"https:\\\/\\\/secure.gravatar.com\\\/avatar\\\/004644996139997add3e128750b8682c4a5432905920c08533db3c7b16465ab3?s=96&d=mm&r=g\",\"caption\":\"matildasikora\"}}]}<\/script>\n<!-- \/ Yoast SEO Premium plugin. -->","yoast_head_json":{"title":"H\u00e5llbart eln\u00e4t i fokus p\u00e5 dLabs anv\u00e4ndardagar - dlab","robots":{"index":"index","follow":"follow","max-snippet":"max-snippet:-1","max-image-preview":"max-image-preview:large","max-video-preview":"max-video-preview:-1"},"canonical":"https:\/\/dlaboratory.com\/sv\/hallbart-elnat-i-fokus-pa-dlabs-anvandardagar\/","og_locale":"sv_SE","og_type":"article","og_title":"H\u00e5llbart eln\u00e4t i fokus p\u00e5 dLabs anv\u00e4ndardagar","og_description":"Vi p\u00e5 dLab \u00e4r stolta \u00f6ver v\u00e5ra framg\u00e5ngsrika anv\u00e4ndardagar f\u00f6rra veckan. Ett imponerande antal deltagare fr\u00e5n 12 eln\u00e4tsbolag deltog i tv\u00e5 halvdagar av givande diskussioner och kunskapsutbyte. Under dessa intensiva dagar, diskuterades en m\u00e4ngd viktiga \u00e4mnen som \u00e4r avg\u00f6rande f\u00f6r att s\u00e4kerst\u00e4lla en p\u00e5litlig och effektiv distribution av elektricitet till samh\u00e4llet. Diskussionerna r\u00f6rde allt fr\u00e5n [&hellip;]","og_url":"https:\/\/dlaboratory.com\/sv\/hallbart-elnat-i-fokus-pa-dlabs-anvandardagar\/","og_site_name":"dlab","article_published_time":"2024-03-19T12:38:00+00:00","article_modified_time":"2024-12-02T12:20:55+00:00","og_image":[{"width":2560,"height":1441,"url":"https:\/\/dlaboratory.com\/wp-content\/uploads\/2024\/03\/20240313_152710-scaled.jpg","type":"image\/jpeg"}],"author":"matildasikora","twitter_card":"summary_large_image","twitter_misc":{"Skriven av":"matildasikora","Ber\u00e4knad l\u00e4stid":"2 minuter"},"schema":{"@context":"https:\/\/schema.org","@graph":[{"@type":"Article","@id":"https:\/\/dlaboratory.com\/sv\/hallbart-elnat-i-fokus-pa-dlabs-anvandardagar\/#article","isPartOf":{"@id":"https:\/\/dlaboratory.com\/sv\/hallbart-elnat-i-fokus-pa-dlabs-anvandardagar\/"},"author":{"name":"matildasikora","@id":"https:\/\/www.dlaboratory.com\/sv\/#\/schema\/person\/bdb138467531a7e5343e9e112bc9ce15"},"headline":"H\u00e5llbart eln\u00e4t i fokus p\u00e5 dLabs anv\u00e4ndardagar","datePublished":"2024-03-19T12:38:00+00:00","dateModified":"2024-12-02T12:20:55+00:00","mainEntityOfPage":{"@id":"https:\/\/dlaboratory.com\/sv\/hallbart-elnat-i-fokus-pa-dlabs-anvandardagar\/"},"wordCount":204,"publisher":{"@id":"https:\/\/www.dlaboratory.com\/sv\/#organization"},"image":{"@id":"https:\/\/dlaboratory.com\/sv\/hallbart-elnat-i-fokus-pa-dlabs-anvandardagar\/#primaryimage"},"thumbnailUrl":"\/wp-content\/uploads\/2024\/03\/20240313_152710-scaled.jpg","articleSection":["F\u00f6retagsnyheter","Nyheter"],"inLanguage":"sv-SE"},{"@type":"WebPage","@id":"https:\/\/dlaboratory.com\/sv\/hallbart-elnat-i-fokus-pa-dlabs-anvandardagar\/","url":"https:\/\/dlaboratory.com\/sv\/hallbart-elnat-i-fokus-pa-dlabs-anvandardagar\/","name":"H\u00e5llbart eln\u00e4t i fokus p\u00e5 dLabs anv\u00e4ndardagar - dlab","isPartOf":{"@id":"https:\/\/www.dlaboratory.com\/sv\/#website"},"primaryImageOfPage":{"@id":"https:\/\/dlaboratory.com\/sv\/hallbart-elnat-i-fokus-pa-dlabs-anvandardagar\/#primaryimage"},"image":{"@id":"https:\/\/dlaboratory.com\/sv\/hallbart-elnat-i-fokus-pa-dlabs-anvandardagar\/#primaryimage"},"thumbnailUrl":"\/wp-content\/uploads\/2024\/03\/20240313_152710-scaled.jpg","datePublished":"2024-03-19T12:38:00+00:00","dateModified":"2024-12-02T12:20:55+00:00","breadcrumb":{"@id":"https:\/\/dlaboratory.com\/sv\/hallbart-elnat-i-fokus-pa-dlabs-anvandardagar\/#breadcrumb"},"inLanguage":"sv-SE","potentialAction":[{"@type":"ReadAction","target":["https:\/\/dlaboratory.com\/sv\/hallbart-elnat-i-fokus-pa-dlabs-anvandardagar\/"]}]},{"@type":"ImageObject","inLanguage":"sv-SE","@id":"https:\/\/dlaboratory.com\/sv\/hallbart-elnat-i-fokus-pa-dlabs-anvandardagar\/#primaryimage","url":"\/wp-content\/uploads\/2024\/03\/20240313_152710-scaled.jpg","contentUrl":"\/wp-content\/uploads\/2024\/03\/20240313_152710-scaled.jpg","width":2560,"height":1441,"caption":"Halmstad energi och milj\u00f6"},{"@type":"BreadcrumbList","@id":"https:\/\/dlaboratory.com\/sv\/hallbart-elnat-i-fokus-pa-dlabs-anvandardagar\/#breadcrumb","itemListElement":[{"@type":"ListItem","position":1,"name":"Home","item":"https:\/\/dlaboratory.com\/sv\/"},{"@type":"ListItem","position":2,"name":"H\u00e5llbart eln\u00e4t i fokus p\u00e5 dLabs anv\u00e4ndardagar"}]},{"@type":"WebSite","@id":"https:\/\/www.dlaboratory.com\/sv\/#website","url":"https:\/\/www.dlaboratory.com\/sv\/","name":"dLab","description":"","publisher":{"@id":"https:\/\/www.dlaboratory.com\/sv\/#organization"},"potentialAction":[{"@type":"SearchAction","target":{"@type":"EntryPoint","urlTemplate":"https:\/\/www.dlaboratory.com\/sv\/?s={search_term_string}"},"query-input":{"@type":"PropertyValueSpecification","valueRequired":true,"valueName":"search_term_string"}}],"inLanguage":"sv-SE"},{"@type":"Organization","@id":"https:\/\/www.dlaboratory.com\/sv\/#organization","name":"dLab","url":"https:\/\/www.dlaboratory.com\/sv\/","logo":{"@type":"ImageObject","inLanguage":"sv-SE","@id":"https:\/\/www.dlaboratory.com\/sv\/#\/schema\/logo\/image\/","url":"\/wp-content\/uploads\/2023\/12\/dlab_logo_transparent_white-1.png","contentUrl":"\/wp-content\/uploads\/2023\/12\/dlab_logo_transparent_white-1.png","width":4721,"height":2167,"caption":"dLab"},"image":{"@id":"https:\/\/www.dlaboratory.com\/sv\/#\/schema\/logo\/image\/"}},{"@type":"Person","@id":"https:\/\/www.dlaboratory.com\/sv\/#\/schema\/person\/bdb138467531a7e5343e9e112bc9ce15","name":"matildasikora","image":{"@type":"ImageObject","inLanguage":"sv-SE","@id":"https:\/\/secure.gravatar.com\/avatar\/004644996139997add3e128750b8682c4a5432905920c08533db3c7b16465ab3?s=96&d=mm&r=g","url":"https:\/\/secure.gravatar.com\/avatar\/004644996139997add3e128750b8682c4a5432905920c08533db3c7b16465ab3?s=96&d=mm&r=g","contentUrl":"https:\/\/secure.gravatar.com\/avatar\/004644996139997add3e128750b8682c4a5432905920c08533db3c7b16465ab3?s=96&d=mm&r=g","caption":"matildasikora"}}]}},"_links":{"self":[{"href":"https:\/\/dlaboratory.com\/sv\/wp-json\/wp\/v2\/posts\/3263","targetHints":{"allow":["GET"]}}],"collection":[{"href":"https:\/\/dlaboratory.com\/sv\/wp-json\/wp\/v2\/posts"}],"about":[{"href":"https:\/\/dlaboratory.com\/sv\/wp-json\/wp\/v2\/types\/post"}],"author":[{"embeddable":true,"href":"https:\/\/dlaboratory.com\/sv\/wp-json\/wp\/v2\/users\/2"}],"replies":[{"embeddable":true,"href":"https:\/\/dlaboratory.com\/sv\/wp-json\/wp\/v2\/comments?post=3263"}],"version-history":[{"count":5,"href":"https:\/\/dlaboratory.com\/sv\/wp-json\/wp\/v2\/posts\/3263\/revisions"}],"predecessor-version":[{"id":3276,"href":"https:\/\/dlaboratory.com\/sv\/wp-json\/wp\/v2\/posts\/3263\/revisions\/3276"}],"wp:featuredmedia":[{"embeddable":true,"href":"https:\/\/dlaboratory.com\/sv\/wp-json\/wp\/v2\/media\/3264"}],"wp:attachment":[{"href":"https:\/\/dlaboratory.com\/sv\/wp-json\/wp\/v2\/media?parent=3263"}],"wp:term":[{"taxonomy":"category","embeddable":true,"href":"https:\/\/dlaboratory.com\/sv\/wp-json\/wp\/v2\/categories?post=3263"},{"taxonomy":"post_tag","embeddable":true,"href":"https:\/\/dlaboratory.com\/sv\/wp-json\/wp\/v2\/tags?post=3263"}],"curies":[{"name":"wp","href":"https:\/\/api.w.org\/{rel}","templated":true}]}}