{"id":3090,"date":"2024-02-15T08:49:38","date_gmt":"2024-02-15T08:49:38","guid":{"rendered":"https:\/\/dlaboratory.com\/?p=3090"},"modified":"2024-02-20T10:40:58","modified_gmt":"2024-02-20T10:40:58","slug":"att-navigera-i-kraftnatets-komplexitet-en-omfattande-grundorsaksanalys-med-dlab","status":"publish","type":"post","link":"https:\/\/dlaboratory.com\/sv\/att-navigera-i-kraftnatets-komplexitet-en-omfattande-grundorsaksanalys-med-dlab\/","title":{"rendered":"Att navigera i kraftn\u00e4tets komplexitet &#8211; En omfattande grundorsaksanalys med dLab"},"content":{"rendered":"\n<p><strong>En komplex serie h\u00e4ndelser intr\u00e4ffade i ett mellansp\u00e4nningsn\u00e4t i Finland och registrerades av dLabs smarta plattform. Vad som till en b\u00f6rjan verkade vara en isolerad jordfelsincident visade sig snabbt utveckla sig till en kedja av h\u00e4ndelser som involverade flera ledningar. H\u00e4r bryts h\u00e4ndelsef\u00f6rloppet ned och analyseras av Victor Bagge, en erfaren kraftsystemingenj\u00f6r p\u00e5 dLab, samtidigt som han lyfter fram betydelsen av smart dataanalys f\u00f6r att diagnostisera och \u00e5tg\u00e4rda komplexa st\u00f6rningar i distributionsn\u00e4tet.  <\/strong><\/p>\n\n<figure class=\"wp-block-image size-large\"><img decoding=\"async\" width=\"1024\" height=\"327\" data-src=\"\/wp-content\/uploads\/2024\/02\/finland-1024x327.jpg\" alt=\"\" class=\"wp-image-3065 lazyload\" data-srcset=\"\/wp-content\/uploads\/2024\/02\/finland-1024x327.jpg 1024w, \/wp-content\/uploads\/2024\/02\/finland-300x96.jpg 300w, \/wp-content\/uploads\/2024\/02\/finland-768x245.jpg 768w, \/wp-content\/uploads\/2024\/02\/finland.jpg 1386w\" data-sizes=\"(max-width: 1024px) 100vw, 1024px\" src=\"data:image\/svg+xml;base64,PHN2ZyB3aWR0aD0iMSIgaGVpZ2h0PSIxIiB4bWxucz0iaHR0cDovL3d3dy53My5vcmcvMjAwMC9zdmciPjwvc3ZnPg==\" style=\"--smush-placeholder-width: 1024px; --smush-placeholder-aspect-ratio: 1024\/327;\" \/><\/figure>\n\n<p>Den 30 januari 2023 registrerades en serie h\u00e4ndelser i dLabs plattform fr\u00e5n ett mellansp\u00e4nningsn\u00e4t i Finland, som vid f\u00f6rsta anblick var ganska komplext och med flera ledningar inblandade.<\/p>\n\n<h2 class=\"wp-block-heading has-dlab-teal-color has-text-color has-link-color wp-elements-a7833c0b3ed26363ac4ebce311d7a326\" id=\"h-let-s-take-it-from-the-beginning\"><strong>L\u00e5t oss ta det fr\u00e5n b\u00f6rjan:<\/strong><\/h2>\n\n<p>Ett jordfel uppstod p\u00e5 ledning <strong>x<\/strong> och bara n\u00e5gra hundra millisekunder senare uppstod ytterligare ett jordfel p\u00e5 ledning <strong>y<\/strong>, vilket resulterade i ett dubbelt jordfel. B\u00e5da ledningarna kopplades bort av skyddsutrustningen i f\u00f6rdelningsstationen och fels\u00f6kningsprocessen startade genom att f\u00f6rs\u00f6ka \u00e5terinkoppla ledning <strong>y<\/strong>. Det visade sig att felet fortfarande var kvar vilket ledde till en ny bortkoppling av ledningen n\u00e4stan omedelbart. Ledning <strong>x<\/strong> provtillkopplades \u00e4ven den och h\u00f6ll.      <br\/><br\/>Efter fels\u00f6kning p\u00e5 ledning <strong>y<\/strong> konstaterades felet vara en ventilavledare i en n\u00e4tstation. Delen av n\u00e4tstationen med de felaktiga komponenterna kunde kopplas f\u00f6rbi och ledning y kunde sp\u00e4nningss\u00e4ttas igen.  <\/p>\n\n<p>Detta kunde ha varit slutet p\u00e5 st\u00f6rningen, men ca 1h 20 min efter det f\u00f6rsta felet d\u00f6k felet p\u00e5 ledning <strong>x<\/strong> upp igen. Ledning <strong>x<\/strong> kopplades bort som f\u00f6rv\u00e4ntat, men den h\u00e4r g\u00e5ngen l\u00f6ste skyddsutrustningen ut \u00e4ven p\u00e5 en annan ledning, ledning <strong>z<\/strong>. <\/p>\n\n<h2 class=\"wp-block-heading has-dlab-teal-color has-text-color has-link-color wp-elements-5061d9a53042e180106d12ebea0d2f65\" id=\"h-now-things-got-a-little-more-complicated-was-there-another-situation-of-cross-country-fault-as-just-seen-between-feeder-x-and-y-but-now-between-feeder-x-and-z-instead\">Nu blev det hela lite mer komplicerat. Var detta en ny situation med dubbelt jordfel som vi precis hade sett mellan ledning x och y, men nu mellan ledning x och z ist\u00e4llet? <\/h2>\n\n<p>Fels\u00f6kningen p\u00e5b\u00f6rjades med att f\u00f6rs\u00f6ka \u00e5terinkoppla ledningarna igen. I ledning <strong>x<\/strong> \u00e5terkom felet n\u00e4stan omedelbart, s\u00e5 ledningen l\u00e4mnades ur drift och en f\u00e4ltunders\u00f6kning p\u00e5b\u00f6rjades f\u00f6r att hitta felet. N\u00e4r det kom till ledning <strong>z<\/strong> \u00e5terinkopplades den framg\u00e5ngsrikt utan att utl\u00f6sas igen.   <\/p>\n\n<p>Felet i ledning <strong>x<\/strong> visade sig vara en tr\u00e4dgren som l\u00e5g p\u00e5 ledningen och orsakade intermittenta jordfel. Vid denna tidpunkt var orsaken till att ledning <strong>z<\/strong> utl\u00f6stes fortfarande ok\u00e4nd. Tr\u00e4dgrenen p\u00e5 ledning <strong>x<\/strong> togs bort och ledningen kunde sp\u00e4nningss\u00e4ttas igen.  <\/p>\n\n<h2 class=\"wp-block-heading has-dlab-teal-color has-text-color has-link-color wp-elements-1754bc3188be055c5b24a5eafa4c61ab\" id=\"h-the-analysis-results-from-dlab-simplified-the-investigation\"><strong>Analysresultaten fr\u00e5n dLab f\u00f6renklade utredningsarbetet<\/strong><\/h2>\n\n<p><strong>En grundlig utredning av h\u00e4ndelserna beh\u00f6vde nu g\u00f6ras f\u00f6r att s\u00e4kerst\u00e4lla vad som hade h\u00e4nt s\u00e5 att l\u00e4mpliga \u00e5tg\u00e4rder kunde vidtas.<\/strong><\/p>\n\n<p>Tack vare dLabs smarta plattform var all information om h\u00e4ndelserna l\u00e4ttillg\u00e4ngliga och den automatiska analysen av felregistreringarna gjorde att utredningsarbetet gick enklare och snabbare att genomf\u00f6ra. Framf\u00f6r allt gav analysresultaten fr\u00e5n plattformen en tydlig bild av h\u00e4ndelsef\u00f6rloppet enligt ovan. <\/p>\n\n<p>Efter ytterligare utredning visade det sig att det andra felet p\u00e5 ledning <strong>x<\/strong> var ett transient jordfel. Den h\u00e4r typen av fel \u00e4r en utmaning \u00e4ven f\u00f6r de modernaste rel\u00e4skydden att detektera korrekt, men den patenterade dLab-algoritmen pekade tydligt ut den felaktiga ledningen. P\u00e5 grund av detta fel l\u00f6ste \u00e4ven rel\u00e4skyddet f\u00f6r ledning <strong>z<\/strong> ut, men tack vare analysen i plattformen kunde det snabbt uteslutas som en felaktig bortkoppling.  <\/p>\n\n<p>Det kunde konstateras att det var ett fel p\u00e5 ledning <strong>x<\/strong> som ledde till ytterligare ett fel p\u00e5 ledning <strong>y<\/strong>. Anledningen till att detta kan h\u00e4nda \u00e4r att sp\u00e4nningen \u00f6kar i de tv\u00e5 faserna som inte \u00e4r drabbade av jordfelet. Denna sp\u00e4nningsh\u00f6jning ska normalt sett inte orsaka n\u00e5gra problem, men om det finns en defekt i isolationen n\u00e5gonstans p\u00e5 ledningen i n\u00e5gon av dessa tv\u00e5 faser kan ett \u00f6verslag ske och ett andra jordfel uppst\u00e5. I detta fall var det p.g.a. felaktig montering av ventilavledare i en n\u00e4tstation som felet uppstod just d\u00e4r. uppstod d\u00e4r.   <\/p>\n\n<p>Felet p\u00e5 ledning <strong>x<\/strong> (tr\u00e4dgrenen) \u00e5terkom och kunde ocks\u00e5 hittas och \u00e5tg\u00e4rdas. Samtidigt kopplades ledning <strong>z<\/strong> bort, men denna bortkoppling kunde uteslutas som obefogad, d\u00e4rf\u00f6r beh\u00f6vde ingen tid l\u00e4ggas p\u00e5 att leta efter ett fel som inte fanns p\u00e5 den ledningen i det operativa skedet. Den exakta orsaken till den felaktiga bortkopplingen kan unders\u00f6kas n\u00e4rmare vid ett senare tillf\u00e4lle.  <\/p>\n\n<p>Ventilavledarna visade sig som n\u00e4mnt ovan vara felinstallerade vilket ledde till \u00f6verslag mot jord n\u00e4r sp\u00e4nningen \u00f6kade vid felet p\u00e5 den andra ledningen.<\/p>\n\n<h2 class=\"wp-block-heading has-dlab-teal-color has-text-color has-link-color wp-elements-d6b18b376a05a416026bed4ecec513c5\" id=\"h-how-did-the-sequence-of-events-look-like-in-dlab-s-platform\"><strong>Hur s\u00e5g h\u00e4ndelsesekvensen ut i dLabs plattform?<\/strong><\/h2>\n\n<p><strong>1.<\/strong> F\u00f6rsta h\u00e4ndelsen som startade kl. 18:03:28 b\u00f6rjar med ett jordfel p\u00e5 ledning <strong>x<\/strong> fas 3. Detta jordfel p\u00e5g\u00e5r i 290 ms, och sedan uppst\u00e5r ett annat jordfel p\u00e5 ledning <strong>y<\/strong> fas 2. Detta fel var i en ventilavledare och berodde p\u00e5 ett \u00f6verslag n\u00e4r sp\u00e4nningen h\u00f6jdes i denna fas p\u00e5 grund av jordfelet i fas 3.  <br\/><br\/><strong>Det betyder att vi nu har ett dubbelt jordfel mellan x och y,<\/strong> vilket kan ses som en tv\u00e5fasig kortslutning som g\u00e5r genom marken mellan ledningarna. Str\u00f6mmen var runt 730 A RMS och detta fortsatte i 130 ms. <\/p>\n\n<figure class=\"wp-block-image size-full\"><img decoding=\"async\" width=\"605\" height=\"191\" data-src=\"\/wp-content\/uploads\/2024\/02\/Picture8.png\" alt=\"\" class=\"wp-image-3081 lazyload\" data-srcset=\"\/wp-content\/uploads\/2024\/02\/Picture8.png 605w, \/wp-content\/uploads\/2024\/02\/Picture8-300x95.png 300w\" data-sizes=\"(max-width: 605px) 100vw, 605px\" src=\"data:image\/svg+xml;base64,PHN2ZyB3aWR0aD0iMSIgaGVpZ2h0PSIxIiB4bWxucz0iaHR0cDovL3d3dy53My5vcmcvMjAwMC9zdmciPjwvc3ZnPg==\" style=\"--smush-placeholder-width: 605px; --smush-placeholder-aspect-ratio: 605\/191;\" \/><\/figure>\n\n<figure class=\"wp-block-image size-full\"><img decoding=\"async\" width=\"605\" height=\"190\" data-src=\"\/wp-content\/uploads\/2024\/02\/Picture9.png\" alt=\"\" class=\"wp-image-3083 lazyload\" data-srcset=\"\/wp-content\/uploads\/2024\/02\/Picture9.png 605w, \/wp-content\/uploads\/2024\/02\/Picture9-300x94.png 300w\" data-sizes=\"(max-width: 605px) 100vw, 605px\" src=\"data:image\/svg+xml;base64,PHN2ZyB3aWR0aD0iMSIgaGVpZ2h0PSIxIiB4bWxucz0iaHR0cDovL3d3dy53My5vcmcvMjAwMC9zdmciPjwvc3ZnPg==\" style=\"--smush-placeholder-width: 605px; --smush-placeholder-aspect-ratio: 605\/190;\" \/><\/figure>\n\n<p>Det f\u00f6rsta transienta jordfelet p\u00e5 ledning <strong>x<\/strong> syns till v\u00e4nster i det nedre diagrammet, och vid den andra transienten startar felet p\u00e5 ledning <strong>y<\/strong>. Tittar man p\u00e5 sp\u00e4nningen i den \u00f6vre grafen s\u00e5 var toppsp\u00e4nningen i fas 2 ganska h\u00f6g, och detta var f\u00f6r mycket f\u00f6r ventilavledaren. \u00c4ven om ventilavledaren skulle vara designad f\u00f6r att b\u00f6rja leda vid den h\u00e4r niv\u00e5n var det som h\u00e4nde d\u00e4refter inte inom specifikationerna, vilket tyder p\u00e5 ett komponentfel.  <\/p>\n\n<p><strong>2<\/strong>. Klockan 18:06:25 sp\u00e4nningssattes ledning y igen. Jordfelet fanns fortfarande i fas 2 och fortsatte i 1156 ms. Sedan utvecklades felet till en tv\u00e5fasig kortslutning tillsammans med fas 3 (detta syntes senare vid inspektion av ventilavledarna i st\u00e4llverket). Detta fel p\u00e5gick i 359 ms innan det kopplades bort. Str\u00f6mmen var cirka 970 A RMS.    <\/p>\n\n<figure class=\"wp-block-image size-full\"><img decoding=\"async\" width=\"605\" height=\"201\" data-src=\"\/wp-content\/uploads\/2024\/02\/Picture10.png\" alt=\"\" class=\"wp-image-3085 lazyload\" data-srcset=\"\/wp-content\/uploads\/2024\/02\/Picture10.png 605w, \/wp-content\/uploads\/2024\/02\/Picture10-300x100.png 300w\" data-sizes=\"(max-width: 605px) 100vw, 605px\" src=\"data:image\/svg+xml;base64,PHN2ZyB3aWR0aD0iMSIgaGVpZ2h0PSIxIiB4bWxucz0iaHR0cDovL3d3dy53My5vcmcvMjAwMC9zdmciPjwvc3ZnPg==\" style=\"--smush-placeholder-width: 605px; --smush-placeholder-aspect-ratio: 605\/201;\" \/><\/figure>\n\n<p><strong>3.<\/strong> F\u00f6rs\u00f6k att tillkoppla ledning <strong>y<\/strong> gjordes, men felet kvarstod och bortkoppling skedde direkt igen. Ett ytterligare tillkopplingsf\u00f6rs\u00f6k med f\u00f6ljande bortkoppling noterades ocks\u00e5 lite senare, kl 19:05:51. Ledning <strong>x<\/strong> tillkopplades och h\u00f6ll 18:06:44. Detta avslutar den f\u00f6rsta delen av st\u00f6rningen.   <\/p>\n\n<p><strong>4.<\/strong> Cirka 1h 20 min senare \u00e5terkom felet i ledning <strong>x<\/strong> som ett intermittent jordfel. Ledning <strong>z<\/strong> bortkopplas f\u00f6rst efter 3,07 s (vilket den inte borde ha gjort), sedan ledning <strong>x<\/strong> efter totalt 3,75 s. <\/p>\n\n<p><strong>5.<\/strong> Ledning <strong>x<\/strong> \u00e5terinkopplas kl. 20:24:53 och ledning <strong>z<\/strong> kl. 20:25:14.<\/p>\n\n<p><strong>6.<\/strong> 37 sekunder efter sp\u00e4nningss\u00e4ttning \u00e5terkommer felet p\u00e5 ledning <strong>x<\/strong>, denna g\u00e5ng som ett station\u00e4rt jordfel. En rel\u00e4skyddsutl\u00f6sning f\u00f6ljdes av en snabb\u00e5terinkoppling och ytterligare en rel\u00e4skyddsutl\u00f6sning eftersom felet fortfarande fanns kvar. Ledning <strong>x<\/strong> tillkopplades sedan manuellt, bara f\u00f6r att l\u00f6sa ut igen efter 17 sekunder med samma snabba sekvens av snabb\u00e5terinkoplling och definitiv rel\u00e4skyddsutl\u00f6sning.  <\/p>\n\n<p><strong>7.<\/strong> N\u00e5gra minuter senare tillkopplas ledning <strong>x<\/strong> och visar omedelbart n\u00e5gra transienta\/intermittenta jordfel och 2 sekunder senare l\u00f6ser rel\u00e4skyddet ut ledningen. Sista g\u00e5ngen ledning <strong>x<\/strong> bortkopplas \u00e4r klockan 21:12:22. Detta avslutar den andra delen av st\u00f6rningen.  <\/p>\n\n<h2 class=\"wp-block-heading has-dlab-teal-color has-text-color has-link-color wp-elements-7efaa38eb9cc8901b77b74c6b041ed79\" id=\"h-summary\"><strong>Sammanfattning<\/strong><\/h2>\n\n<ul class=\"wp-block-list\">\n<li>En tr\u00e4dgren p\u00e5 ledning <strong>x<\/strong> orsakade ett jordfel i fas 3. Detta startade ytterligare ett jordfel i lednings <strong>y<\/strong> fas 2 i en ventilavledare. <\/li>\n\n\n\n<li>Ventilavledarfelet utvecklades till en kortslutning tillsammans med ventilavledaren i fas 3.<\/li>\n\n\n\n<li>N\u00e4r tr\u00e4dgrensfelet i ledning x senare \u00e5terkom kopplades ledning <strong>z<\/strong> bort felaktigt vid ett tillf\u00e4lle.<\/li>\n<\/ul>\n\n<div class=\"wp-block-media-text is-stacked-on-mobile\"><figure class=\"wp-block-media-text__media\"><img decoding=\"async\" width=\"873\" height=\"1024\" data-src=\"\/wp-content\/uploads\/2024\/02\/Victor-Bagge-1-873x1024.png\" alt=\"\" class=\"wp-image-3077 size-full lazyload\" data-srcset=\"\/wp-content\/uploads\/2024\/02\/Victor-Bagge-1-873x1024.png 873w, \/wp-content\/uploads\/2024\/02\/Victor-Bagge-1-256x300.png 256w, \/wp-content\/uploads\/2024\/02\/Victor-Bagge-1-768x901.png 768w, \/wp-content\/uploads\/2024\/02\/Victor-Bagge-1-1310x1536.png 1310w, \/wp-content\/uploads\/2024\/02\/Victor-Bagge-1-1746x2048.png 1746w\" data-sizes=\"(max-width: 873px) 100vw, 873px\" src=\"data:image\/svg+xml;base64,PHN2ZyB3aWR0aD0iMSIgaGVpZ2h0PSIxIiB4bWxucz0iaHR0cDovL3d3dy53My5vcmcvMjAwMC9zdmciPjwvc3ZnPg==\" style=\"--smush-placeholder-width: 873px; --smush-placeholder-aspect-ratio: 873\/1024;\" \/><\/figure><div class=\"wp-block-media-text__content\">\n<p><strong>Victor Bagge <\/strong><br\/>Kraftsystemingenj\u00f6r, dLab <\/p>\n<\/div><\/div>\n","protected":false},"excerpt":{"rendered":"<p>En komplex serie h\u00e4ndelser intr\u00e4ffade i ett mellansp\u00e4nningsn\u00e4t i Finland och registrerades av dLabs smarta plattform. Vad som till en b\u00f6rjan verkade vara en isolerad jordfelsincident visade sig snabbt utveckla sig till en kedja av h\u00e4ndelser som involverade flera ledningar. H\u00e4r bryts h\u00e4ndelsef\u00f6rloppet ned och analyseras av Victor Bagge, en erfaren kraftsystemingenj\u00f6r p\u00e5 dLab, samtidigt [&hellip;]<\/p>\n","protected":false},"author":2,"featured_media":3123,"comment_status":"closed","ping_status":"closed","sticky":false,"template":"","format":"standard","meta":{"content-type":"","footnotes":""},"categories":[39,2],"tags":[],"class_list":["post-3090","post","type-post","status-publish","format-standard","has-post-thumbnail","hentry","category-blogg","category-okategoriserad"],"yoast_head":"<!-- This site is optimized with the Yoast SEO Premium plugin v27.4 (Yoast SEO v27.4) - https:\/\/yoast.com\/product\/yoast-seo-premium-wordpress\/ -->\n<title>Att navigera i kraftn\u00e4tets komplexitet - En omfattande grundorsaksanalys med dLab Att navigera i kraftn\u00e4tets komplexitet - En omfattande grundorsaksanalys dlab<\/title>\n<meta name=\"robots\" content=\"index, follow, max-snippet:-1, max-image-preview:large, max-video-preview:-1\" \/>\n<link rel=\"canonical\" href=\"https:\/\/dlaboratory.com\/sv\/att-navigera-i-kraftnatets-komplexitet-en-omfattande-grundorsaksanalys-med-dlab\/\" \/>\n<meta property=\"og:locale\" content=\"sv_SE\" \/>\n<meta property=\"og:type\" content=\"article\" \/>\n<meta property=\"og:title\" content=\"Att navigera i kraftn\u00e4tets komplexitet - En omfattande grundorsaksanalys med dLab\" \/>\n<meta property=\"og:description\" content=\"En komplex serie h\u00e4ndelser intr\u00e4ffade i ett mellansp\u00e4nningsn\u00e4t i Finland och registrerades av dLabs smarta plattform. Vad som till en b\u00f6rjan verkade vara en isolerad jordfelsincident visade sig snabbt utveckla sig till en kedja av h\u00e4ndelser som involverade flera ledningar. H\u00e4r bryts h\u00e4ndelsef\u00f6rloppet ned och analyseras av Victor Bagge, en erfaren kraftsystemingenj\u00f6r p\u00e5 dLab, samtidigt [&hellip;]\" \/>\n<meta property=\"og:url\" content=\"https:\/\/dlaboratory.com\/sv\/att-navigera-i-kraftnatets-komplexitet-en-omfattande-grundorsaksanalys-med-dlab\/\" \/>\n<meta property=\"og:site_name\" content=\"dlab\" \/>\n<meta property=\"article:published_time\" content=\"2024-02-15T08:49:38+00:00\" \/>\n<meta property=\"article:modified_time\" content=\"2024-02-20T10:40:58+00:00\" \/>\n<meta property=\"og:image\" content=\"https:\/\/dlaboratory.com\/wp-content\/uploads\/2024\/02\/Namnlos-9-1.png\" \/>\n\t<meta property=\"og:image:width\" content=\"1080\" \/>\n\t<meta property=\"og:image:height\" content=\"1080\" \/>\n\t<meta property=\"og:image:type\" content=\"image\/png\" \/>\n<meta name=\"author\" content=\"matildasikora\" \/>\n<meta name=\"twitter:card\" content=\"summary_large_image\" \/>\n<meta name=\"twitter:label1\" content=\"Skriven av\" \/>\n\t<meta name=\"twitter:data1\" content=\"matildasikora\" \/>\n\t<meta name=\"twitter:label2\" content=\"Ber\u00e4knad l\u00e4stid\" \/>\n\t<meta name=\"twitter:data2\" content=\"7 minuter\" \/>\n<script type=\"application\/ld+json\" class=\"yoast-schema-graph\">{\"@context\":\"https:\\\/\\\/schema.org\",\"@graph\":[{\"@type\":\"Article\",\"@id\":\"https:\\\/\\\/dlaboratory.com\\\/sv\\\/att-navigera-i-kraftnatets-komplexitet-en-omfattande-grundorsaksanalys-med-dlab\\\/#article\",\"isPartOf\":{\"@id\":\"https:\\\/\\\/dlaboratory.com\\\/sv\\\/att-navigera-i-kraftnatets-komplexitet-en-omfattande-grundorsaksanalys-med-dlab\\\/\"},\"author\":{\"name\":\"matildasikora\",\"@id\":\"https:\\\/\\\/www.dlaboratory.com\\\/sv\\\/#\\\/schema\\\/person\\\/bdb138467531a7e5343e9e112bc9ce15\"},\"headline\":\"Att navigera i kraftn\u00e4tets komplexitet &#8211; En omfattande grundorsaksanalys med dLab\",\"datePublished\":\"2024-02-15T08:49:38+00:00\",\"dateModified\":\"2024-02-20T10:40:58+00:00\",\"mainEntityOfPage\":{\"@id\":\"https:\\\/\\\/dlaboratory.com\\\/sv\\\/att-navigera-i-kraftnatets-komplexitet-en-omfattande-grundorsaksanalys-med-dlab\\\/\"},\"wordCount\":1289,\"publisher\":{\"@id\":\"https:\\\/\\\/www.dlaboratory.com\\\/sv\\\/#organization\"},\"image\":{\"@id\":\"https:\\\/\\\/dlaboratory.com\\\/sv\\\/att-navigera-i-kraftnatets-komplexitet-en-omfattande-grundorsaksanalys-med-dlab\\\/#primaryimage\"},\"thumbnailUrl\":\"\\\/wp-content\\\/uploads\\\/2024\\\/02\\\/Namnlos-9-1.png\",\"articleSection\":[\"Blogg\",\"Okategoriserad\"],\"inLanguage\":\"sv-SE\"},{\"@type\":\"WebPage\",\"@id\":\"https:\\\/\\\/dlaboratory.com\\\/sv\\\/att-navigera-i-kraftnatets-komplexitet-en-omfattande-grundorsaksanalys-med-dlab\\\/\",\"url\":\"https:\\\/\\\/dlaboratory.com\\\/sv\\\/att-navigera-i-kraftnatets-komplexitet-en-omfattande-grundorsaksanalys-med-dlab\\\/\",\"name\":\"Att navigera i kraftn\u00e4tets komplexitet - En omfattande grundorsaksanalys med dLab Att navigera i kraftn\u00e4tets komplexitet - En omfattande grundorsaksanalys dlab\",\"isPartOf\":{\"@id\":\"https:\\\/\\\/www.dlaboratory.com\\\/sv\\\/#website\"},\"primaryImageOfPage\":{\"@id\":\"https:\\\/\\\/dlaboratory.com\\\/sv\\\/att-navigera-i-kraftnatets-komplexitet-en-omfattande-grundorsaksanalys-med-dlab\\\/#primaryimage\"},\"image\":{\"@id\":\"https:\\\/\\\/dlaboratory.com\\\/sv\\\/att-navigera-i-kraftnatets-komplexitet-en-omfattande-grundorsaksanalys-med-dlab\\\/#primaryimage\"},\"thumbnailUrl\":\"\\\/wp-content\\\/uploads\\\/2024\\\/02\\\/Namnlos-9-1.png\",\"datePublished\":\"2024-02-15T08:49:38+00:00\",\"dateModified\":\"2024-02-20T10:40:58+00:00\",\"breadcrumb\":{\"@id\":\"https:\\\/\\\/dlaboratory.com\\\/sv\\\/att-navigera-i-kraftnatets-komplexitet-en-omfattande-grundorsaksanalys-med-dlab\\\/#breadcrumb\"},\"inLanguage\":\"sv-SE\",\"potentialAction\":[{\"@type\":\"ReadAction\",\"target\":[\"https:\\\/\\\/dlaboratory.com\\\/sv\\\/att-navigera-i-kraftnatets-komplexitet-en-omfattande-grundorsaksanalys-med-dlab\\\/\"]}]},{\"@type\":\"ImageObject\",\"inLanguage\":\"sv-SE\",\"@id\":\"https:\\\/\\\/dlaboratory.com\\\/sv\\\/att-navigera-i-kraftnatets-komplexitet-en-omfattande-grundorsaksanalys-med-dlab\\\/#primaryimage\",\"url\":\"\\\/wp-content\\\/uploads\\\/2024\\\/02\\\/Namnlos-9-1.png\",\"contentUrl\":\"\\\/wp-content\\\/uploads\\\/2024\\\/02\\\/Namnlos-9-1.png\",\"width\":1080,\"height\":1080},{\"@type\":\"BreadcrumbList\",\"@id\":\"https:\\\/\\\/dlaboratory.com\\\/sv\\\/att-navigera-i-kraftnatets-komplexitet-en-omfattande-grundorsaksanalys-med-dlab\\\/#breadcrumb\",\"itemListElement\":[{\"@type\":\"ListItem\",\"position\":1,\"name\":\"Home\",\"item\":\"https:\\\/\\\/dlaboratory.com\\\/sv\\\/\"},{\"@type\":\"ListItem\",\"position\":2,\"name\":\"Att navigera i kraftn\u00e4tets komplexitet &#8211; En omfattande grundorsaksanalys med dLab\"}]},{\"@type\":\"WebSite\",\"@id\":\"https:\\\/\\\/www.dlaboratory.com\\\/sv\\\/#website\",\"url\":\"https:\\\/\\\/www.dlaboratory.com\\\/sv\\\/\",\"name\":\"dLab\",\"description\":\"\",\"publisher\":{\"@id\":\"https:\\\/\\\/www.dlaboratory.com\\\/sv\\\/#organization\"},\"potentialAction\":[{\"@type\":\"SearchAction\",\"target\":{\"@type\":\"EntryPoint\",\"urlTemplate\":\"https:\\\/\\\/www.dlaboratory.com\\\/sv\\\/?s={search_term_string}\"},\"query-input\":{\"@type\":\"PropertyValueSpecification\",\"valueRequired\":true,\"valueName\":\"search_term_string\"}}],\"inLanguage\":\"sv-SE\"},{\"@type\":\"Organization\",\"@id\":\"https:\\\/\\\/www.dlaboratory.com\\\/sv\\\/#organization\",\"name\":\"dLab\",\"url\":\"https:\\\/\\\/www.dlaboratory.com\\\/sv\\\/\",\"logo\":{\"@type\":\"ImageObject\",\"inLanguage\":\"sv-SE\",\"@id\":\"https:\\\/\\\/www.dlaboratory.com\\\/sv\\\/#\\\/schema\\\/logo\\\/image\\\/\",\"url\":\"\\\/wp-content\\\/uploads\\\/2023\\\/12\\\/dlab_logo_transparent_white-1.png\",\"contentUrl\":\"\\\/wp-content\\\/uploads\\\/2023\\\/12\\\/dlab_logo_transparent_white-1.png\",\"width\":4721,\"height\":2167,\"caption\":\"dLab\"},\"image\":{\"@id\":\"https:\\\/\\\/www.dlaboratory.com\\\/sv\\\/#\\\/schema\\\/logo\\\/image\\\/\"}},{\"@type\":\"Person\",\"@id\":\"https:\\\/\\\/www.dlaboratory.com\\\/sv\\\/#\\\/schema\\\/person\\\/bdb138467531a7e5343e9e112bc9ce15\",\"name\":\"matildasikora\",\"image\":{\"@type\":\"ImageObject\",\"inLanguage\":\"sv-SE\",\"@id\":\"https:\\\/\\\/secure.gravatar.com\\\/avatar\\\/004644996139997add3e128750b8682c4a5432905920c08533db3c7b16465ab3?s=96&d=mm&r=g\",\"url\":\"https:\\\/\\\/secure.gravatar.com\\\/avatar\\\/004644996139997add3e128750b8682c4a5432905920c08533db3c7b16465ab3?s=96&d=mm&r=g\",\"contentUrl\":\"https:\\\/\\\/secure.gravatar.com\\\/avatar\\\/004644996139997add3e128750b8682c4a5432905920c08533db3c7b16465ab3?s=96&d=mm&r=g\",\"caption\":\"matildasikora\"}}]}<\/script>\n<!-- \/ Yoast SEO Premium plugin. -->","yoast_head_json":{"title":"Att navigera i kraftn\u00e4tets komplexitet - En omfattande grundorsaksanalys med dLab Att navigera i kraftn\u00e4tets komplexitet - En omfattande grundorsaksanalys dlab","robots":{"index":"index","follow":"follow","max-snippet":"max-snippet:-1","max-image-preview":"max-image-preview:large","max-video-preview":"max-video-preview:-1"},"canonical":"https:\/\/dlaboratory.com\/sv\/att-navigera-i-kraftnatets-komplexitet-en-omfattande-grundorsaksanalys-med-dlab\/","og_locale":"sv_SE","og_type":"article","og_title":"Att navigera i kraftn\u00e4tets komplexitet - En omfattande grundorsaksanalys med dLab","og_description":"En komplex serie h\u00e4ndelser intr\u00e4ffade i ett mellansp\u00e4nningsn\u00e4t i Finland och registrerades av dLabs smarta plattform. Vad som till en b\u00f6rjan verkade vara en isolerad jordfelsincident visade sig snabbt utveckla sig till en kedja av h\u00e4ndelser som involverade flera ledningar. H\u00e4r bryts h\u00e4ndelsef\u00f6rloppet ned och analyseras av Victor Bagge, en erfaren kraftsystemingenj\u00f6r p\u00e5 dLab, samtidigt [&hellip;]","og_url":"https:\/\/dlaboratory.com\/sv\/att-navigera-i-kraftnatets-komplexitet-en-omfattande-grundorsaksanalys-med-dlab\/","og_site_name":"dlab","article_published_time":"2024-02-15T08:49:38+00:00","article_modified_time":"2024-02-20T10:40:58+00:00","og_image":[{"width":1080,"height":1080,"url":"https:\/\/dlaboratory.com\/wp-content\/uploads\/2024\/02\/Namnlos-9-1.png","type":"image\/png"}],"author":"matildasikora","twitter_card":"summary_large_image","twitter_misc":{"Skriven av":"matildasikora","Ber\u00e4knad l\u00e4stid":"7 minuter"},"schema":{"@context":"https:\/\/schema.org","@graph":[{"@type":"Article","@id":"https:\/\/dlaboratory.com\/sv\/att-navigera-i-kraftnatets-komplexitet-en-omfattande-grundorsaksanalys-med-dlab\/#article","isPartOf":{"@id":"https:\/\/dlaboratory.com\/sv\/att-navigera-i-kraftnatets-komplexitet-en-omfattande-grundorsaksanalys-med-dlab\/"},"author":{"name":"matildasikora","@id":"https:\/\/www.dlaboratory.com\/sv\/#\/schema\/person\/bdb138467531a7e5343e9e112bc9ce15"},"headline":"Att navigera i kraftn\u00e4tets komplexitet &#8211; En omfattande grundorsaksanalys med dLab","datePublished":"2024-02-15T08:49:38+00:00","dateModified":"2024-02-20T10:40:58+00:00","mainEntityOfPage":{"@id":"https:\/\/dlaboratory.com\/sv\/att-navigera-i-kraftnatets-komplexitet-en-omfattande-grundorsaksanalys-med-dlab\/"},"wordCount":1289,"publisher":{"@id":"https:\/\/www.dlaboratory.com\/sv\/#organization"},"image":{"@id":"https:\/\/dlaboratory.com\/sv\/att-navigera-i-kraftnatets-komplexitet-en-omfattande-grundorsaksanalys-med-dlab\/#primaryimage"},"thumbnailUrl":"\/wp-content\/uploads\/2024\/02\/Namnlos-9-1.png","articleSection":["Blogg","Okategoriserad"],"inLanguage":"sv-SE"},{"@type":"WebPage","@id":"https:\/\/dlaboratory.com\/sv\/att-navigera-i-kraftnatets-komplexitet-en-omfattande-grundorsaksanalys-med-dlab\/","url":"https:\/\/dlaboratory.com\/sv\/att-navigera-i-kraftnatets-komplexitet-en-omfattande-grundorsaksanalys-med-dlab\/","name":"Att navigera i kraftn\u00e4tets komplexitet - En omfattande grundorsaksanalys med dLab Att navigera i kraftn\u00e4tets komplexitet - En omfattande grundorsaksanalys dlab","isPartOf":{"@id":"https:\/\/www.dlaboratory.com\/sv\/#website"},"primaryImageOfPage":{"@id":"https:\/\/dlaboratory.com\/sv\/att-navigera-i-kraftnatets-komplexitet-en-omfattande-grundorsaksanalys-med-dlab\/#primaryimage"},"image":{"@id":"https:\/\/dlaboratory.com\/sv\/att-navigera-i-kraftnatets-komplexitet-en-omfattande-grundorsaksanalys-med-dlab\/#primaryimage"},"thumbnailUrl":"\/wp-content\/uploads\/2024\/02\/Namnlos-9-1.png","datePublished":"2024-02-15T08:49:38+00:00","dateModified":"2024-02-20T10:40:58+00:00","breadcrumb":{"@id":"https:\/\/dlaboratory.com\/sv\/att-navigera-i-kraftnatets-komplexitet-en-omfattande-grundorsaksanalys-med-dlab\/#breadcrumb"},"inLanguage":"sv-SE","potentialAction":[{"@type":"ReadAction","target":["https:\/\/dlaboratory.com\/sv\/att-navigera-i-kraftnatets-komplexitet-en-omfattande-grundorsaksanalys-med-dlab\/"]}]},{"@type":"ImageObject","inLanguage":"sv-SE","@id":"https:\/\/dlaboratory.com\/sv\/att-navigera-i-kraftnatets-komplexitet-en-omfattande-grundorsaksanalys-med-dlab\/#primaryimage","url":"\/wp-content\/uploads\/2024\/02\/Namnlos-9-1.png","contentUrl":"\/wp-content\/uploads\/2024\/02\/Namnlos-9-1.png","width":1080,"height":1080},{"@type":"BreadcrumbList","@id":"https:\/\/dlaboratory.com\/sv\/att-navigera-i-kraftnatets-komplexitet-en-omfattande-grundorsaksanalys-med-dlab\/#breadcrumb","itemListElement":[{"@type":"ListItem","position":1,"name":"Home","item":"https:\/\/dlaboratory.com\/sv\/"},{"@type":"ListItem","position":2,"name":"Att navigera i kraftn\u00e4tets komplexitet &#8211; En omfattande grundorsaksanalys med dLab"}]},{"@type":"WebSite","@id":"https:\/\/www.dlaboratory.com\/sv\/#website","url":"https:\/\/www.dlaboratory.com\/sv\/","name":"dLab","description":"","publisher":{"@id":"https:\/\/www.dlaboratory.com\/sv\/#organization"},"potentialAction":[{"@type":"SearchAction","target":{"@type":"EntryPoint","urlTemplate":"https:\/\/www.dlaboratory.com\/sv\/?s={search_term_string}"},"query-input":{"@type":"PropertyValueSpecification","valueRequired":true,"valueName":"search_term_string"}}],"inLanguage":"sv-SE"},{"@type":"Organization","@id":"https:\/\/www.dlaboratory.com\/sv\/#organization","name":"dLab","url":"https:\/\/www.dlaboratory.com\/sv\/","logo":{"@type":"ImageObject","inLanguage":"sv-SE","@id":"https:\/\/www.dlaboratory.com\/sv\/#\/schema\/logo\/image\/","url":"\/wp-content\/uploads\/2023\/12\/dlab_logo_transparent_white-1.png","contentUrl":"\/wp-content\/uploads\/2023\/12\/dlab_logo_transparent_white-1.png","width":4721,"height":2167,"caption":"dLab"},"image":{"@id":"https:\/\/www.dlaboratory.com\/sv\/#\/schema\/logo\/image\/"}},{"@type":"Person","@id":"https:\/\/www.dlaboratory.com\/sv\/#\/schema\/person\/bdb138467531a7e5343e9e112bc9ce15","name":"matildasikora","image":{"@type":"ImageObject","inLanguage":"sv-SE","@id":"https:\/\/secure.gravatar.com\/avatar\/004644996139997add3e128750b8682c4a5432905920c08533db3c7b16465ab3?s=96&d=mm&r=g","url":"https:\/\/secure.gravatar.com\/avatar\/004644996139997add3e128750b8682c4a5432905920c08533db3c7b16465ab3?s=96&d=mm&r=g","contentUrl":"https:\/\/secure.gravatar.com\/avatar\/004644996139997add3e128750b8682c4a5432905920c08533db3c7b16465ab3?s=96&d=mm&r=g","caption":"matildasikora"}}]}},"_links":{"self":[{"href":"https:\/\/dlaboratory.com\/sv\/wp-json\/wp\/v2\/posts\/3090","targetHints":{"allow":["GET"]}}],"collection":[{"href":"https:\/\/dlaboratory.com\/sv\/wp-json\/wp\/v2\/posts"}],"about":[{"href":"https:\/\/dlaboratory.com\/sv\/wp-json\/wp\/v2\/types\/post"}],"author":[{"embeddable":true,"href":"https:\/\/dlaboratory.com\/sv\/wp-json\/wp\/v2\/users\/2"}],"replies":[{"embeddable":true,"href":"https:\/\/dlaboratory.com\/sv\/wp-json\/wp\/v2\/comments?post=3090"}],"version-history":[{"count":28,"href":"https:\/\/dlaboratory.com\/sv\/wp-json\/wp\/v2\/posts\/3090\/revisions"}],"predecessor-version":[{"id":3137,"href":"https:\/\/dlaboratory.com\/sv\/wp-json\/wp\/v2\/posts\/3090\/revisions\/3137"}],"wp:featuredmedia":[{"embeddable":true,"href":"https:\/\/dlaboratory.com\/sv\/wp-json\/wp\/v2\/media\/3123"}],"wp:attachment":[{"href":"https:\/\/dlaboratory.com\/sv\/wp-json\/wp\/v2\/media?parent=3090"}],"wp:term":[{"taxonomy":"category","embeddable":true,"href":"https:\/\/dlaboratory.com\/sv\/wp-json\/wp\/v2\/categories?post=3090"},{"taxonomy":"post_tag","embeddable":true,"href":"https:\/\/dlaboratory.com\/sv\/wp-json\/wp\/v2\/tags?post=3090"}],"curies":[{"name":"wp","href":"https:\/\/api.w.org\/{rel}","templated":true}]}}