{"id":4149,"date":"2024-07-08T08:00:00","date_gmt":"2024-07-08T08:00:00","guid":{"rendered":"https:\/\/dlaboratory.com\/mfn_news\/dlab-starker-saljorganisationen-och-adderar-kompetens-for-accelererad-kommersialisering\/"},"modified":"2024-07-08T08:00:00","modified_gmt":"2024-07-08T08:00:00","slug":"dlab-starker-saljorganisationen-och-adderar-kompetens-for-accelererad-kommersialisering","status":"publish","type":"mfn_news","link":"https:\/\/dlaboratory.com\/sv\/press-releases\/dlab-starker-saljorganisationen-och-adderar-kompetens-for-accelererad-kommersialisering\/","title":{"rendered":"dLab st\u00e4rker s\u00e4ljorganisationen och adderar kompetens f\u00f6r accelererad kommersialisering"},"content":{"rendered":"<div>\n<p class=\"mfn-wp-retain\">Lund, 8 juli 2024<\/p>\n<p class=\"mfn-wp-retain\"><strong>Dlaboratory Sweden AB (publ) har tillsatt flera viktiga tj&auml;nster inom den kommersiella organisationen f&ouml;r att utveckla b&aring;de f&ouml;rs&auml;ljnings- och utbildningskapacitet. Bolaget har anst&auml;llt tv&aring; nya s&auml;ljare med omfattande erfarenhet av eln&auml;tsbranschen och mjukvaruf&ouml;rs&auml;ljning som kommer att ansvara f&ouml;r den nordiska marknaden. Vidare har bolaget rekryterat ett tekniskt s&auml;ljst&ouml;d och en mjukvarututvecklare. <\/strong><\/p>\n<p class=\"mfn-wp-retain\"><em>&#8221;dLab befinner sig i en expansiv fas. Som tidigare kommunicerats forts&auml;tter vi att driva p&aring; v&aring;ra s&auml;ljinsatser med bra tempo och v&aring;r kundbas har hittills v&auml;xt stadigt varje kvartal. F&ouml;r att bibeh&aring;lla momentum och m&ouml;jligg&ouml;ra &ouml;kad kommersialiseringstakt har vi valt att investera ytterligare i organisationen. V&aring;ra nya medarbetare speglar v&aring;rt fokus p&aring; att bygga en organisation d&auml;r samtliga medarbetare ska arbeta mer inriktat mot s&auml;lj och marknad. Rekryteringarna ers&auml;tter dels tidigare anst&auml;llda men ocks&aring; inhyrda konsulter vilket g&ouml;r att vi inte adderar ytterligare kostnader, utan vi bygger ett team som &auml;r fullt <\/em>dedikerade att f&ouml;ra Bolagets f&ouml;rs&auml;ljning och verksamhet ytterligare ett steg fram&aring;t. &rdquo;, kommenterar dLabs VD Rickard Jacobsson.<\/p>\n<p class=\"mfn-wp-retain\">Dlab har sedan starten av den kommersiella verksamheten utvecklats i god takt och har tagit fram banbrytande l&ouml;sningar f&ouml;r eln&auml;ts&ouml;vervakning. F&ouml;rutom f&ouml;rs&auml;ljning i Sverige d&auml;r det p&aring; marknaden finns cirka 3&nbsp;000 f&ouml;rdelningsstationer siktar &auml;ven bolaget mot den globala marknaden. Idag har dLab flera internationella projekt ig&aring;ng och marknaden bed&ouml;ms ha omfattande tillv&auml;xtpotential. Mot bakgrund av marknadspotentialen st&auml;rker bolaget sitt s&auml;ljteam f&ouml;r att kunna tillvarata nya aff&auml;rsm&ouml;jligheter. De rekryteringar som bolaget nu gjort &auml;r personer med omfattande erfarenhet fr&aring;n eln&auml;tsbranschen med stora kontaktn&auml;t. De nya medarbetarna kommer att b&ouml;rja sina anst&auml;llningar p&aring; dLab under augusti och september 2024.&nbsp; <\/p>\n<p class=\"mfn-wp-retain\"><strong>F&ouml;r mer information, v&auml;nligen kontakta:<\/strong><br \/> Rickard Jacobson, VD dLab<br \/>Telefon: +46(0)70-499 99 34<br \/>E-post: <a href=\"https:\/\/www.globenewswire.com\/Tracker?data=SYOPFMQXlYyINOc94bTmEYcCgB-SgWfJ6EmfZsb9jFaO6ah7_nfuDyHygCJkWOdytAL4RHNnqYkDQAk_5vfzYOX3VSSUyBVFJFyx-xY5QY4dkcE2tT_caBvzlH3sbLDoEwFdNKoeS6Rql6ibjuGzXw==\" target=\"_blank\" rel=\"nofollow noopener\">rickard.jacobson@dlaboratory.com<\/a><br \/>Hemsida: <a href=\"https:\/\/www.globenewswire.com\/Tracker?data=01HG0J-scMi9H-q15lZJug9IEZffyHL5nOEhnfqrSIJrY7mrjLt28KlMK9V33kDzvWQTtc-pYxJiQupnUu6nWnjQ89Q2xHePtrqM67pfnx4=\" target=\"_blank\" title=\"www.dlaboratory.com\" rel=\"nofollow noopener\">www.dlaboratory.com<\/a><\/p>\n<p class=\"mfn-wp-retain\"><strong>Om Dlaboratory Sweden AB (publ) <\/strong><br \/>Dlaboratory Sweden AB &auml;r en cleantech-grupp som erbjuder en intelligent digital plattform som skapar f&ouml;ruts&auml;ttningar f&ouml;r energisektorn att bidra till framtidens h&aring;llbara samh&auml;lle. Genom intelligent analys av eln&auml;tet och f&ouml;ruts&auml;ttningar f&ouml;r datadrivna beslut, skapas m&ouml;jligheter till ett moderniserat arbetss&auml;tt och ett mer motst&aring;ndskraftigt eln&auml;t. dLabs kommersiella verksamhet startade 2015 och bolaget har sitt s&auml;te i Lund. Bolagets aktie (DLAB) &auml;r f&ouml;rem&aring;l f&ouml;r handel p&aring; Nasdaq First North Growth Market. Certified Adviser &auml;r FNCA Sweden AB.<\/p>\n<p>\n            <\/div>\n<div class=\"mfn-footer\"><\/div>\n<script>\n                Array.prototype.slice.call(document.querySelectorAll(\".mfn-footer.mfn-attachment\")).forEach(function (el) { el.remove() });\n            <\/script>\n        <div class=\"mfn-attachments-container\"><\/div>","protected":false},"excerpt":{"rendered":"<p>Lund, 8 juli 2024 Dlaboratory Sweden AB (publ) har tillsatt flera viktiga tj&auml;nster inom den kommersiella organisationen f&ouml;r att utveckla b&aring;de f&ouml;rs&auml;ljnings- och utbildningskapacitet. Bolaget har anst&auml;llt tv&aring; nya s&auml;ljare med omfattande erfarenhet av eln&auml;tsbranschen och mjukvaruf&ouml;rs&auml;ljning som kommer att ansvara f&ouml;r den nordiska marknaden. Vidare har bolaget rekryterat ett tekniskt s&auml;ljst&ouml;d och en mjukvarututvecklare. [&hellip;]<\/p>\n","protected":false},"featured_media":0,"template":"","class_list":["post-4149","mfn_news","type-mfn_news","status-publish","hentry","mfn-news-tag-mfn-ci","mfn-news-tag-mfn-type-ir","mfn-news-tag-mfn","mfn-news-tag-mfn-ci-other","mfn-news-tag-mfn-lang-sv"],"yoast_head":"<!-- This site is optimized with the Yoast SEO Premium plugin v27.4 (Yoast SEO v27.4) - https:\/\/yoast.com\/product\/yoast-seo-premium-wordpress\/ -->\n<title>dLab st\u00e4rker s\u00e4ljorganisationen och adderar kompetens f\u00f6r accelererad kommersialisering - dlab<\/title>\n<meta name=\"robots\" content=\"index, follow, max-snippet:-1, max-image-preview:large, max-video-preview:-1\" \/>\n<link rel=\"canonical\" href=\"https:\/\/dlaboratory.com\/sv\/press-releases\/dlab-starker-saljorganisationen-och-adderar-kompetens-for-accelererad-kommersialisering\/\" \/>\n<meta property=\"og:locale\" content=\"sv_SE\" \/>\n<meta property=\"og:type\" content=\"article\" \/>\n<meta property=\"og:title\" content=\"dLab st\u00e4rker s\u00e4ljorganisationen och adderar kompetens f\u00f6r accelererad kommersialisering\" \/>\n<meta property=\"og:description\" content=\"Lund, 8 juli 2024 Dlaboratory Sweden AB (publ) har tillsatt flera viktiga tj&auml;nster inom den kommersiella organisationen f&ouml;r att utveckla b&aring;de f&ouml;rs&auml;ljnings- och utbildningskapacitet. Bolaget har anst&auml;llt tv&aring; nya s&auml;ljare med omfattande erfarenhet av eln&auml;tsbranschen och mjukvaruf&ouml;rs&auml;ljning som kommer att ansvara f&ouml;r den nordiska marknaden. Vidare har bolaget rekryterat ett tekniskt s&auml;ljst&ouml;d och en mjukvarututvecklare. [&hellip;]\" \/>\n<meta property=\"og:url\" content=\"https:\/\/dlaboratory.com\/sv\/press-releases\/dlab-starker-saljorganisationen-och-adderar-kompetens-for-accelererad-kommersialisering\/\" \/>\n<meta property=\"og:site_name\" content=\"dlab\" \/>\n<meta name=\"twitter:card\" content=\"summary_large_image\" \/>\n<meta name=\"twitter:label1\" content=\"Ber\u00e4knad l\u00e4stid\" \/>\n\t<meta name=\"twitter:data1\" content=\"3 minuter\" \/>\n<script type=\"application\/ld+json\" class=\"yoast-schema-graph\">{\"@context\":\"https:\\\/\\\/schema.org\",\"@graph\":[{\"@type\":\"WebPage\",\"@id\":\"https:\\\/\\\/dlaboratory.com\\\/sv\\\/press-releases\\\/dlab-starker-saljorganisationen-och-adderar-kompetens-for-accelererad-kommersialisering\\\/\",\"url\":\"https:\\\/\\\/dlaboratory.com\\\/sv\\\/press-releases\\\/dlab-starker-saljorganisationen-och-adderar-kompetens-for-accelererad-kommersialisering\\\/\",\"name\":\"dLab st\u00e4rker s\u00e4ljorganisationen och adderar kompetens f\u00f6r accelererad kommersialisering - dlab\",\"isPartOf\":{\"@id\":\"https:\\\/\\\/www.dlaboratory.com\\\/sv\\\/#website\"},\"datePublished\":\"2024-07-08T08:00:00+00:00\",\"breadcrumb\":{\"@id\":\"https:\\\/\\\/dlaboratory.com\\\/sv\\\/press-releases\\\/dlab-starker-saljorganisationen-och-adderar-kompetens-for-accelererad-kommersialisering\\\/#breadcrumb\"},\"inLanguage\":\"sv-SE\",\"potentialAction\":[{\"@type\":\"ReadAction\",\"target\":[\"https:\\\/\\\/dlaboratory.com\\\/sv\\\/press-releases\\\/dlab-starker-saljorganisationen-och-adderar-kompetens-for-accelererad-kommersialisering\\\/\"]}]},{\"@type\":\"BreadcrumbList\",\"@id\":\"https:\\\/\\\/dlaboratory.com\\\/sv\\\/press-releases\\\/dlab-starker-saljorganisationen-och-adderar-kompetens-for-accelererad-kommersialisering\\\/#breadcrumb\",\"itemListElement\":[{\"@type\":\"ListItem\",\"position\":1,\"name\":\"Home\",\"item\":\"https:\\\/\\\/dlaboratory.com\\\/sv\\\/\"},{\"@type\":\"ListItem\",\"position\":2,\"name\":\"dLab st\u00e4rker s\u00e4ljorganisationen och adderar kompetens f\u00f6r accelererad kommersialisering\"}]},{\"@type\":\"WebSite\",\"@id\":\"https:\\\/\\\/www.dlaboratory.com\\\/sv\\\/#website\",\"url\":\"https:\\\/\\\/www.dlaboratory.com\\\/sv\\\/\",\"name\":\"dLab\",\"description\":\"\",\"publisher\":{\"@id\":\"https:\\\/\\\/www.dlaboratory.com\\\/sv\\\/#organization\"},\"potentialAction\":[{\"@type\":\"SearchAction\",\"target\":{\"@type\":\"EntryPoint\",\"urlTemplate\":\"https:\\\/\\\/www.dlaboratory.com\\\/sv\\\/?s={search_term_string}\"},\"query-input\":{\"@type\":\"PropertyValueSpecification\",\"valueRequired\":true,\"valueName\":\"search_term_string\"}}],\"inLanguage\":\"sv-SE\"},{\"@type\":\"Organization\",\"@id\":\"https:\\\/\\\/www.dlaboratory.com\\\/sv\\\/#organization\",\"name\":\"dLab\",\"url\":\"https:\\\/\\\/www.dlaboratory.com\\\/sv\\\/\",\"logo\":{\"@type\":\"ImageObject\",\"inLanguage\":\"sv-SE\",\"@id\":\"https:\\\/\\\/www.dlaboratory.com\\\/sv\\\/#\\\/schema\\\/logo\\\/image\\\/\",\"url\":\"\\\/wp-content\\\/uploads\\\/2023\\\/12\\\/dlab_logo_transparent_white-1.png\",\"contentUrl\":\"\\\/wp-content\\\/uploads\\\/2023\\\/12\\\/dlab_logo_transparent_white-1.png\",\"width\":4721,\"height\":2167,\"caption\":\"dLab\"},\"image\":{\"@id\":\"https:\\\/\\\/www.dlaboratory.com\\\/sv\\\/#\\\/schema\\\/logo\\\/image\\\/\"}}]}<\/script>\n<!-- \/ Yoast SEO Premium plugin. -->","yoast_head_json":{"title":"dLab st\u00e4rker s\u00e4ljorganisationen och adderar kompetens f\u00f6r accelererad kommersialisering - dlab","robots":{"index":"index","follow":"follow","max-snippet":"max-snippet:-1","max-image-preview":"max-image-preview:large","max-video-preview":"max-video-preview:-1"},"canonical":"https:\/\/dlaboratory.com\/sv\/press-releases\/dlab-starker-saljorganisationen-och-adderar-kompetens-for-accelererad-kommersialisering\/","og_locale":"sv_SE","og_type":"article","og_title":"dLab st\u00e4rker s\u00e4ljorganisationen och adderar kompetens f\u00f6r accelererad kommersialisering","og_description":"Lund, 8 juli 2024 Dlaboratory Sweden AB (publ) har tillsatt flera viktiga tj&auml;nster inom den kommersiella organisationen f&ouml;r att utveckla b&aring;de f&ouml;rs&auml;ljnings- och utbildningskapacitet. Bolaget har anst&auml;llt tv&aring; nya s&auml;ljare med omfattande erfarenhet av eln&auml;tsbranschen och mjukvaruf&ouml;rs&auml;ljning som kommer att ansvara f&ouml;r den nordiska marknaden. Vidare har bolaget rekryterat ett tekniskt s&auml;ljst&ouml;d och en mjukvarututvecklare. [&hellip;]","og_url":"https:\/\/dlaboratory.com\/sv\/press-releases\/dlab-starker-saljorganisationen-och-adderar-kompetens-for-accelererad-kommersialisering\/","og_site_name":"dlab","twitter_card":"summary_large_image","twitter_misc":{"Ber\u00e4knad l\u00e4stid":"3 minuter"},"schema":{"@context":"https:\/\/schema.org","@graph":[{"@type":"WebPage","@id":"https:\/\/dlaboratory.com\/sv\/press-releases\/dlab-starker-saljorganisationen-och-adderar-kompetens-for-accelererad-kommersialisering\/","url":"https:\/\/dlaboratory.com\/sv\/press-releases\/dlab-starker-saljorganisationen-och-adderar-kompetens-for-accelererad-kommersialisering\/","name":"dLab st\u00e4rker s\u00e4ljorganisationen och adderar kompetens f\u00f6r accelererad kommersialisering - dlab","isPartOf":{"@id":"https:\/\/www.dlaboratory.com\/sv\/#website"},"datePublished":"2024-07-08T08:00:00+00:00","breadcrumb":{"@id":"https:\/\/dlaboratory.com\/sv\/press-releases\/dlab-starker-saljorganisationen-och-adderar-kompetens-for-accelererad-kommersialisering\/#breadcrumb"},"inLanguage":"sv-SE","potentialAction":[{"@type":"ReadAction","target":["https:\/\/dlaboratory.com\/sv\/press-releases\/dlab-starker-saljorganisationen-och-adderar-kompetens-for-accelererad-kommersialisering\/"]}]},{"@type":"BreadcrumbList","@id":"https:\/\/dlaboratory.com\/sv\/press-releases\/dlab-starker-saljorganisationen-och-adderar-kompetens-for-accelererad-kommersialisering\/#breadcrumb","itemListElement":[{"@type":"ListItem","position":1,"name":"Home","item":"https:\/\/dlaboratory.com\/sv\/"},{"@type":"ListItem","position":2,"name":"dLab st\u00e4rker s\u00e4ljorganisationen och adderar kompetens f\u00f6r accelererad kommersialisering"}]},{"@type":"WebSite","@id":"https:\/\/www.dlaboratory.com\/sv\/#website","url":"https:\/\/www.dlaboratory.com\/sv\/","name":"dLab","description":"","publisher":{"@id":"https:\/\/www.dlaboratory.com\/sv\/#organization"},"potentialAction":[{"@type":"SearchAction","target":{"@type":"EntryPoint","urlTemplate":"https:\/\/www.dlaboratory.com\/sv\/?s={search_term_string}"},"query-input":{"@type":"PropertyValueSpecification","valueRequired":true,"valueName":"search_term_string"}}],"inLanguage":"sv-SE"},{"@type":"Organization","@id":"https:\/\/www.dlaboratory.com\/sv\/#organization","name":"dLab","url":"https:\/\/www.dlaboratory.com\/sv\/","logo":{"@type":"ImageObject","inLanguage":"sv-SE","@id":"https:\/\/www.dlaboratory.com\/sv\/#\/schema\/logo\/image\/","url":"\/wp-content\/uploads\/2023\/12\/dlab_logo_transparent_white-1.png","contentUrl":"\/wp-content\/uploads\/2023\/12\/dlab_logo_transparent_white-1.png","width":4721,"height":2167,"caption":"dLab"},"image":{"@id":"https:\/\/www.dlaboratory.com\/sv\/#\/schema\/logo\/image\/"}}]}},"_links":{"self":[{"href":"https:\/\/dlaboratory.com\/sv\/wp-json\/wp\/v2\/mfn_news\/4149","targetHints":{"allow":["GET"]}}],"collection":[{"href":"https:\/\/dlaboratory.com\/sv\/wp-json\/wp\/v2\/mfn_news"}],"about":[{"href":"https:\/\/dlaboratory.com\/sv\/wp-json\/wp\/v2\/types\/mfn_news"}],"wp:attachment":[{"href":"https:\/\/dlaboratory.com\/sv\/wp-json\/wp\/v2\/media?parent=4149"}],"curies":[{"name":"wp","href":"https:\/\/api.w.org\/{rel}","templated":true}]}}